{"id":3005,"date":"2024-08-23T15:01:04","date_gmt":"2024-08-23T18:01:04","guid":{"rendered":"http:\/\/masquenoticiastucuman.com.ar\/?p=3005"},"modified":"2024-08-23T15:01:04","modified_gmt":"2024-08-23T18:01:04","slug":"la-guerra-en-ucrania-le-da-la-razon-a-prigozhin-el-mercenario-ruso-muerto-misteriosamente-hace-un-ano","status":"publish","type":"post","link":"https:\/\/masquenoticiastucuman.com.ar\/?p=3005","title":{"rendered":"La guerra en Ucrania le da la raz\u00f3n a Prigozhin, el mercenario ruso muerto misteriosamente hace un a\u00f1o"},"content":{"rendered":"<p>El l\u00edder del grupo paramilitar Wagner muri\u00f3 en un extra\u00f1o accidente de avi\u00f3n.Hab\u00eda denunciado la negligencia de la c\u00fapula militar rusa y la falta de hombres en las filas de Mosc\u00fa. Y hasta protagoniz\u00f3 un levantamiento.<\/p>","protected":false},"excerpt":{"rendered":"<p>El l\u00edder del grupo paramilitar Wagner muri\u00f3 en un extra\u00f1o accidente de avi\u00f3n.Hab\u00eda denunciado la&#8230;<\/p>\n","protected":false},"author":0,"featured_media":0,"comment_status":"open","ping_status":"open","sticky":false,"template":"","format":"standard","meta":{"footnotes":""},"categories":[4],"tags":[],"class_list":["post-3005","post","type-post","status-publish","format-standard","hentry","category-internacionales"],"_links":{"self":[{"href":"https:\/\/masquenoticiastucuman.com.ar\/index.php?rest_route=\/wp\/v2\/posts\/3005","targetHints":{"allow":["GET"]}}],"collection":[{"href":"https:\/\/masquenoticiastucuman.com.ar\/index.php?rest_route=\/wp\/v2\/posts"}],"about":[{"href":"https:\/\/masquenoticiastucuman.com.ar\/index.php?rest_route=\/wp\/v2\/types\/post"}],"replies":[{"embeddable":true,"href":"https:\/\/masquenoticiastucuman.com.ar\/index.php?rest_route=%2Fwp%2Fv2%2Fcomments&post=3005"}],"version-history":[{"count":0,"href":"https:\/\/masquenoticiastucuman.com.ar\/index.php?rest_route=\/wp\/v2\/posts\/3005\/revisions"}],"wp:attachment":[{"href":"https:\/\/masquenoticiastucuman.com.ar\/index.php?rest_route=%2Fwp%2Fv2%2Fmedia&parent=3005"}],"wp:term":[{"taxonomy":"category","embeddable":true,"href":"https:\/\/masquenoticiastucuman.com.ar\/index.php?rest_route=%2Fwp%2Fv2%2Fcategories&post=3005"},{"taxonomy":"post_tag","embeddable":true,"href":"https:\/\/masquenoticiastucuman.com.ar\/index.php?rest_route=%2Fwp%2Fv2%2Ftags&post=3005"}],"curies":[{"name":"wp","href":"https:\/\/api.w.org\/{rel}","templated":true}]}}