{"id":3007,"date":"2024-08-23T15:01:06","date_gmt":"2024-08-23T18:01:06","guid":{"rendered":"http:\/\/masquenoticiastucuman.com.ar\/?p=3007"},"modified":"2024-08-23T15:01:06","modified_gmt":"2024-08-23T18:01:06","slug":"empleo-por-que-las-empresas-pueden-beneficiarse-contratando-a-la-generacion-silver","status":"publish","type":"post","link":"https:\/\/masquenoticiastucuman.com.ar\/?p=3007","title":{"rendered":"Empleo: por qu\u00e9 las empresas pueden beneficiarse contratando a la &#8220;generaci\u00f3n silver&#8221;"},"content":{"rendered":"<p>Se trata de empleados con experiencia, que tienen una fuerte disposici\u00f3n a fidelizarse con las firmas. Estiman que para 2030, 58% de la poblaci\u00f3n laboral ser\u00e1 conformada por centennials.<\/p>","protected":false},"excerpt":{"rendered":"<p>Se trata de empleados con experiencia, que tienen una fuerte disposici\u00f3n a fidelizarse con las&#8230;<\/p>\n","protected":false},"author":0,"featured_media":0,"comment_status":"open","ping_status":"open","sticky":false,"template":"","format":"standard","meta":{"footnotes":""},"categories":[3],"tags":[],"class_list":["post-3007","post","type-post","status-publish","format-standard","hentry","category-nacionales"],"_links":{"self":[{"href":"https:\/\/masquenoticiastucuman.com.ar\/index.php?rest_route=\/wp\/v2\/posts\/3007","targetHints":{"allow":["GET"]}}],"collection":[{"href":"https:\/\/masquenoticiastucuman.com.ar\/index.php?rest_route=\/wp\/v2\/posts"}],"about":[{"href":"https:\/\/masquenoticiastucuman.com.ar\/index.php?rest_route=\/wp\/v2\/types\/post"}],"replies":[{"embeddable":true,"href":"https:\/\/masquenoticiastucuman.com.ar\/index.php?rest_route=%2Fwp%2Fv2%2Fcomments&post=3007"}],"version-history":[{"count":0,"href":"https:\/\/masquenoticiastucuman.com.ar\/index.php?rest_route=\/wp\/v2\/posts\/3007\/revisions"}],"wp:attachment":[{"href":"https:\/\/masquenoticiastucuman.com.ar\/index.php?rest_route=%2Fwp%2Fv2%2Fmedia&parent=3007"}],"wp:term":[{"taxonomy":"category","embeddable":true,"href":"https:\/\/masquenoticiastucuman.com.ar\/index.php?rest_route=%2Fwp%2Fv2%2Fcategories&post=3007"},{"taxonomy":"post_tag","embeddable":true,"href":"https:\/\/masquenoticiastucuman.com.ar\/index.php?rest_route=%2Fwp%2Fv2%2Ftags&post=3007"}],"curies":[{"name":"wp","href":"https:\/\/api.w.org\/{rel}","templated":true}]}}