{"id":3009,"date":"2024-08-23T16:01:02","date_gmt":"2024-08-23T19:01:02","guid":{"rendered":"http:\/\/masquenoticiastucuman.com.ar\/?p=3009"},"modified":"2024-08-23T16:01:02","modified_gmt":"2024-08-23T19:01:02","slug":"inquietud-de-ruralistas-bonaerenses-por-un-proyecto-de-ley-con-impacto-en-el-empleo","status":"publish","type":"post","link":"https:\/\/masquenoticiastucuman.com.ar\/?p=3009","title":{"rendered":"Inquietud de ruralistas bonaerenses por un proyecto de ley con impacto en el empleo"},"content":{"rendered":"<p>Es una iniciativa sobre actualizaci\u00f3n de los intereses en los cr\u00e9ditos laborales. La C\u00e1mara de Diputados provincial le dio media sanci\u00f3n y proponen revisarla en Senadores.<\/p>","protected":false},"excerpt":{"rendered":"<p>Es una iniciativa sobre actualizaci\u00f3n de los intereses en los cr\u00e9ditos laborales. La C\u00e1mara de&#8230;<\/p>\n","protected":false},"author":0,"featured_media":0,"comment_status":"open","ping_status":"open","sticky":false,"template":"","format":"standard","meta":{"footnotes":""},"categories":[1],"tags":[],"class_list":["post-3009","post","type-post","status-publish","format-standard","hentry","category-uncategorized"],"_links":{"self":[{"href":"https:\/\/masquenoticiastucuman.com.ar\/index.php?rest_route=\/wp\/v2\/posts\/3009","targetHints":{"allow":["GET"]}}],"collection":[{"href":"https:\/\/masquenoticiastucuman.com.ar\/index.php?rest_route=\/wp\/v2\/posts"}],"about":[{"href":"https:\/\/masquenoticiastucuman.com.ar\/index.php?rest_route=\/wp\/v2\/types\/post"}],"replies":[{"embeddable":true,"href":"https:\/\/masquenoticiastucuman.com.ar\/index.php?rest_route=%2Fwp%2Fv2%2Fcomments&post=3009"}],"version-history":[{"count":0,"href":"https:\/\/masquenoticiastucuman.com.ar\/index.php?rest_route=\/wp\/v2\/posts\/3009\/revisions"}],"wp:attachment":[{"href":"https:\/\/masquenoticiastucuman.com.ar\/index.php?rest_route=%2Fwp%2Fv2%2Fmedia&parent=3009"}],"wp:term":[{"taxonomy":"category","embeddable":true,"href":"https:\/\/masquenoticiastucuman.com.ar\/index.php?rest_route=%2Fwp%2Fv2%2Fcategories&post=3009"},{"taxonomy":"post_tag","embeddable":true,"href":"https:\/\/masquenoticiastucuman.com.ar\/index.php?rest_route=%2Fwp%2Fv2%2Ftags&post=3009"}],"curies":[{"name":"wp","href":"https:\/\/api.w.org\/{rel}","templated":true}]}}