{"id":3011,"date":"2024-08-23T16:01:04","date_gmt":"2024-08-23T19:01:04","guid":{"rendered":"http:\/\/masquenoticiastucuman.com.ar\/?p=3011"},"modified":"2024-08-23T16:01:04","modified_gmt":"2024-08-23T19:01:04","slug":"julio-bocca-al-frente-del-colon-la-vida-del-artista-que-llevo-el-ballet-a-la-masividad-en-la-argentina","status":"publish","type":"post","link":"https:\/\/masquenoticiastucuman.com.ar\/?p=3011","title":{"rendered":"Julio Bocca al frente del Col\u00f3n: la vida del artista que llev\u00f3 el ballet a la masividad en la Argentina"},"content":{"rendered":"<p>El famoso bailar\u00edn estar\u00e1 al frente de la parte art\u00edstica, tras la partida de Jorge Telerman.Es el m\u00e1s popular de los bailarines argentinos y despert\u00f3 cientos de vocaciones.<\/p>","protected":false},"excerpt":{"rendered":"<p>El famoso bailar\u00edn estar\u00e1 al frente de la parte art\u00edstica, tras la partida de Jorge&#8230;<\/p>\n","protected":false},"author":0,"featured_media":0,"comment_status":"open","ping_status":"open","sticky":false,"template":"","format":"standard","meta":{"footnotes":""},"categories":[5],"tags":[],"class_list":["post-3011","post","type-post","status-publish","format-standard","hentry","category-espectaculo"],"_links":{"self":[{"href":"https:\/\/masquenoticiastucuman.com.ar\/index.php?rest_route=\/wp\/v2\/posts\/3011","targetHints":{"allow":["GET"]}}],"collection":[{"href":"https:\/\/masquenoticiastucuman.com.ar\/index.php?rest_route=\/wp\/v2\/posts"}],"about":[{"href":"https:\/\/masquenoticiastucuman.com.ar\/index.php?rest_route=\/wp\/v2\/types\/post"}],"replies":[{"embeddable":true,"href":"https:\/\/masquenoticiastucuman.com.ar\/index.php?rest_route=%2Fwp%2Fv2%2Fcomments&post=3011"}],"version-history":[{"count":0,"href":"https:\/\/masquenoticiastucuman.com.ar\/index.php?rest_route=\/wp\/v2\/posts\/3011\/revisions"}],"wp:attachment":[{"href":"https:\/\/masquenoticiastucuman.com.ar\/index.php?rest_route=%2Fwp%2Fv2%2Fmedia&parent=3011"}],"wp:term":[{"taxonomy":"category","embeddable":true,"href":"https:\/\/masquenoticiastucuman.com.ar\/index.php?rest_route=%2Fwp%2Fv2%2Fcategories&post=3011"},{"taxonomy":"post_tag","embeddable":true,"href":"https:\/\/masquenoticiastucuman.com.ar\/index.php?rest_route=%2Fwp%2Fv2%2Ftags&post=3011"}],"curies":[{"name":"wp","href":"https:\/\/api.w.org\/{rel}","templated":true}]}}