{"id":3015,"date":"2024-08-23T16:01:08","date_gmt":"2024-08-23T19:01:08","guid":{"rendered":"http:\/\/masquenoticiastucuman.com.ar\/?p=3015"},"modified":"2024-08-23T16:01:08","modified_gmt":"2024-08-23T19:01:08","slug":"el-regimen-de-venezuela-va-por-mas-ahora-la-fiscalia-general-cita-a-declarar-al-ex-candidato-edmundo-gonzalez-urrutia","status":"publish","type":"post","link":"https:\/\/masquenoticiastucuman.com.ar\/?p=3015","title":{"rendered":"El r\u00e9gimen de Venezuela va por m\u00e1s: ahora la Fiscal\u00eda General cita a declarar al ex candidato Edmundo Gonz\u00e1lez Urrutia"},"content":{"rendered":"<p>Es por sus supuestos v\u00ednculos con un sitio web que difundi\u00f3 actas seg\u00fan las cuales el opositor gan\u00f3 las elecciones presidenciales.Crece el reclamo internacional para que el gobierno de Nicol\u00e1s Maduro muestre las actas.<\/p>","protected":false},"excerpt":{"rendered":"<p>Es por sus supuestos v\u00ednculos con un sitio web que difundi\u00f3 actas seg\u00fan las cuales&#8230;<\/p>\n","protected":false},"author":0,"featured_media":0,"comment_status":"open","ping_status":"open","sticky":false,"template":"","format":"standard","meta":{"footnotes":""},"categories":[4],"tags":[],"class_list":["post-3015","post","type-post","status-publish","format-standard","hentry","category-internacionales"],"_links":{"self":[{"href":"https:\/\/masquenoticiastucuman.com.ar\/index.php?rest_route=\/wp\/v2\/posts\/3015","targetHints":{"allow":["GET"]}}],"collection":[{"href":"https:\/\/masquenoticiastucuman.com.ar\/index.php?rest_route=\/wp\/v2\/posts"}],"about":[{"href":"https:\/\/masquenoticiastucuman.com.ar\/index.php?rest_route=\/wp\/v2\/types\/post"}],"replies":[{"embeddable":true,"href":"https:\/\/masquenoticiastucuman.com.ar\/index.php?rest_route=%2Fwp%2Fv2%2Fcomments&post=3015"}],"version-history":[{"count":0,"href":"https:\/\/masquenoticiastucuman.com.ar\/index.php?rest_route=\/wp\/v2\/posts\/3015\/revisions"}],"wp:attachment":[{"href":"https:\/\/masquenoticiastucuman.com.ar\/index.php?rest_route=%2Fwp%2Fv2%2Fmedia&parent=3015"}],"wp:term":[{"taxonomy":"category","embeddable":true,"href":"https:\/\/masquenoticiastucuman.com.ar\/index.php?rest_route=%2Fwp%2Fv2%2Fcategories&post=3015"},{"taxonomy":"post_tag","embeddable":true,"href":"https:\/\/masquenoticiastucuman.com.ar\/index.php?rest_route=%2Fwp%2Fv2%2Ftags&post=3015"}],"curies":[{"name":"wp","href":"https:\/\/api.w.org\/{rel}","templated":true}]}}