{"id":3017,"date":"2024-08-23T17:01:02","date_gmt":"2024-08-23T20:01:02","guid":{"rendered":"http:\/\/masquenoticiastucuman.com.ar\/?p=3017"},"modified":"2024-08-23T17:01:02","modified_gmt":"2024-08-23T20:01:02","slug":"advierten-que-el-trigo-podria-tener-problemas-de-calidad-por-una-fertilizacion-deficiente","status":"publish","type":"post","link":"https:\/\/masquenoticiastucuman.com.ar\/?p=3017","title":{"rendered":"Advierten que el trigo podr\u00eda tener problemas de calidad por una fertilizaci\u00f3n deficiente"},"content":{"rendered":"<p>Desde Fertilizar afirman que hay un retraso en la refertilizaci\u00f3n con nitrogenados. La deficiencia del nutriente genera mermas en volumen y en calidad de granos.<\/p>","protected":false},"excerpt":{"rendered":"<p>Desde Fertilizar afirman que hay un retraso en la refertilizaci\u00f3n con nitrogenados. La deficiencia del&#8230;<\/p>\n","protected":false},"author":0,"featured_media":0,"comment_status":"open","ping_status":"open","sticky":false,"template":"","format":"standard","meta":{"footnotes":""},"categories":[1],"tags":[],"class_list":["post-3017","post","type-post","status-publish","format-standard","hentry","category-uncategorized"],"_links":{"self":[{"href":"https:\/\/masquenoticiastucuman.com.ar\/index.php?rest_route=\/wp\/v2\/posts\/3017","targetHints":{"allow":["GET"]}}],"collection":[{"href":"https:\/\/masquenoticiastucuman.com.ar\/index.php?rest_route=\/wp\/v2\/posts"}],"about":[{"href":"https:\/\/masquenoticiastucuman.com.ar\/index.php?rest_route=\/wp\/v2\/types\/post"}],"replies":[{"embeddable":true,"href":"https:\/\/masquenoticiastucuman.com.ar\/index.php?rest_route=%2Fwp%2Fv2%2Fcomments&post=3017"}],"version-history":[{"count":0,"href":"https:\/\/masquenoticiastucuman.com.ar\/index.php?rest_route=\/wp\/v2\/posts\/3017\/revisions"}],"wp:attachment":[{"href":"https:\/\/masquenoticiastucuman.com.ar\/index.php?rest_route=%2Fwp%2Fv2%2Fmedia&parent=3017"}],"wp:term":[{"taxonomy":"category","embeddable":true,"href":"https:\/\/masquenoticiastucuman.com.ar\/index.php?rest_route=%2Fwp%2Fv2%2Fcategories&post=3017"},{"taxonomy":"post_tag","embeddable":true,"href":"https:\/\/masquenoticiastucuman.com.ar\/index.php?rest_route=%2Fwp%2Fv2%2Ftags&post=3017"}],"curies":[{"name":"wp","href":"https:\/\/api.w.org\/{rel}","templated":true}]}}