{"id":3019,"date":"2024-08-23T17:01:04","date_gmt":"2024-08-23T20:01:04","guid":{"rendered":"http:\/\/masquenoticiastucuman.com.ar\/?p=3019"},"modified":"2024-08-23T17:01:04","modified_gmt":"2024-08-23T20:01:04","slug":"se-fue-jorge-telerman-del-colon-el-balance-de-su-gestion","status":"publish","type":"post","link":"https:\/\/masquenoticiastucuman.com.ar\/?p=3019","title":{"rendered":"Se fue Jorge Telerman del Col\u00f3n: el balance de su gesti\u00f3n"},"content":{"rendered":"<p>Los hitos de su tarea desde 2022.A esta altura del a\u00f1o, un cambio de este tipo pondr\u00e1 en peligro la temporada 2025.<\/p>","protected":false},"excerpt":{"rendered":"<p>Los hitos de su tarea desde 2022.A esta altura del a\u00f1o, un cambio de este&#8230;<\/p>\n","protected":false},"author":0,"featured_media":0,"comment_status":"open","ping_status":"open","sticky":false,"template":"","format":"standard","meta":{"footnotes":""},"categories":[5],"tags":[],"class_list":["post-3019","post","type-post","status-publish","format-standard","hentry","category-espectaculo"],"_links":{"self":[{"href":"https:\/\/masquenoticiastucuman.com.ar\/index.php?rest_route=\/wp\/v2\/posts\/3019","targetHints":{"allow":["GET"]}}],"collection":[{"href":"https:\/\/masquenoticiastucuman.com.ar\/index.php?rest_route=\/wp\/v2\/posts"}],"about":[{"href":"https:\/\/masquenoticiastucuman.com.ar\/index.php?rest_route=\/wp\/v2\/types\/post"}],"replies":[{"embeddable":true,"href":"https:\/\/masquenoticiastucuman.com.ar\/index.php?rest_route=%2Fwp%2Fv2%2Fcomments&post=3019"}],"version-history":[{"count":0,"href":"https:\/\/masquenoticiastucuman.com.ar\/index.php?rest_route=\/wp\/v2\/posts\/3019\/revisions"}],"wp:attachment":[{"href":"https:\/\/masquenoticiastucuman.com.ar\/index.php?rest_route=%2Fwp%2Fv2%2Fmedia&parent=3019"}],"wp:term":[{"taxonomy":"category","embeddable":true,"href":"https:\/\/masquenoticiastucuman.com.ar\/index.php?rest_route=%2Fwp%2Fv2%2Fcategories&post=3019"},{"taxonomy":"post_tag","embeddable":true,"href":"https:\/\/masquenoticiastucuman.com.ar\/index.php?rest_route=%2Fwp%2Fv2%2Ftags&post=3019"}],"curies":[{"name":"wp","href":"https:\/\/api.w.org\/{rel}","templated":true}]}}