{"id":3025,"date":"2024-08-23T18:01:03","date_gmt":"2024-08-23T21:01:03","guid":{"rendered":"http:\/\/masquenoticiastucuman.com.ar\/?p=3025"},"modified":"2024-08-23T18:01:03","modified_gmt":"2024-08-23T21:01:03","slug":"la-salud-de-juan-izquierdo-el-defensor-de-nacional-sigue-en-terapia-intensiva-y-el-futbol-uruguayo-preocupado-decidio-para-la-pelota","status":"publish","type":"post","link":"https:\/\/masquenoticiastucuman.com.ar\/?p=3025","title":{"rendered":"La salud de Juan Izquierdo: el defensor de Nacional sigue en terapia intensiva y el f\u00fatbol uruguayo, preocupado, decidi\u00f3 para la pelota"},"content":{"rendered":"<p>Lo anunci\u00f3 la Mutual Uruguaya de Futbolistas Profesionales a trav\u00e9s de un comunicado.El jugador, de 27 a\u00f1os, contin\u00faa estable de su arritmia card\u00edaca y permanece sedado.<\/p>","protected":false},"excerpt":{"rendered":"<p>Lo anunci\u00f3 la Mutual Uruguaya de Futbolistas Profesionales a trav\u00e9s de un comunicado.El jugador, de&#8230;<\/p>\n","protected":false},"author":0,"featured_media":0,"comment_status":"open","ping_status":"open","sticky":false,"template":"","format":"standard","meta":{"footnotes":""},"categories":[6],"tags":[],"class_list":["post-3025","post","type-post","status-publish","format-standard","hentry","category-deportes"],"_links":{"self":[{"href":"https:\/\/masquenoticiastucuman.com.ar\/index.php?rest_route=\/wp\/v2\/posts\/3025","targetHints":{"allow":["GET"]}}],"collection":[{"href":"https:\/\/masquenoticiastucuman.com.ar\/index.php?rest_route=\/wp\/v2\/posts"}],"about":[{"href":"https:\/\/masquenoticiastucuman.com.ar\/index.php?rest_route=\/wp\/v2\/types\/post"}],"replies":[{"embeddable":true,"href":"https:\/\/masquenoticiastucuman.com.ar\/index.php?rest_route=%2Fwp%2Fv2%2Fcomments&post=3025"}],"version-history":[{"count":0,"href":"https:\/\/masquenoticiastucuman.com.ar\/index.php?rest_route=\/wp\/v2\/posts\/3025\/revisions"}],"wp:attachment":[{"href":"https:\/\/masquenoticiastucuman.com.ar\/index.php?rest_route=%2Fwp%2Fv2%2Fmedia&parent=3025"}],"wp:term":[{"taxonomy":"category","embeddable":true,"href":"https:\/\/masquenoticiastucuman.com.ar\/index.php?rest_route=%2Fwp%2Fv2%2Fcategories&post=3025"},{"taxonomy":"post_tag","embeddable":true,"href":"https:\/\/masquenoticiastucuman.com.ar\/index.php?rest_route=%2Fwp%2Fv2%2Ftags&post=3025"}],"curies":[{"name":"wp","href":"https:\/\/api.w.org\/{rel}","templated":true}]}}