{"id":3061,"date":"2024-08-24T07:01:07","date_gmt":"2024-08-24T10:01:07","guid":{"rendered":"http:\/\/masquenoticiastucuman.com.ar\/?p=3061"},"modified":"2024-08-24T07:01:07","modified_gmt":"2024-08-24T10:01:07","slug":"en-tecnologia-la-brecha-de-genero-es-aun-mayor-que-en-el-resto-de-la-economia","status":"publish","type":"post","link":"https:\/\/masquenoticiastucuman.com.ar\/?p=3061","title":{"rendered":"En tecnolog\u00eda, la brecha de g\u00e9nero es a\u00fan mayor que en el resto de la econom\u00eda"},"content":{"rendered":"<p>Solo el 29% de los puestos en el sector son ocupados por mujeres.La educaci\u00f3n inclusiva y las pol\u00edticas de maternidad son las claves para lograr el avance.<\/p>","protected":false},"excerpt":{"rendered":"<p>Solo el 29% de los puestos en el sector son ocupados por mujeres.La educaci\u00f3n inclusiva&#8230;<\/p>\n","protected":false},"author":0,"featured_media":0,"comment_status":"open","ping_status":"open","sticky":false,"template":"","format":"standard","meta":{"footnotes":""},"categories":[8],"tags":[],"class_list":["post-3061","post","type-post","status-publish","format-standard","hentry","category-tecnologia"],"_links":{"self":[{"href":"https:\/\/masquenoticiastucuman.com.ar\/index.php?rest_route=\/wp\/v2\/posts\/3061","targetHints":{"allow":["GET"]}}],"collection":[{"href":"https:\/\/masquenoticiastucuman.com.ar\/index.php?rest_route=\/wp\/v2\/posts"}],"about":[{"href":"https:\/\/masquenoticiastucuman.com.ar\/index.php?rest_route=\/wp\/v2\/types\/post"}],"replies":[{"embeddable":true,"href":"https:\/\/masquenoticiastucuman.com.ar\/index.php?rest_route=%2Fwp%2Fv2%2Fcomments&post=3061"}],"version-history":[{"count":0,"href":"https:\/\/masquenoticiastucuman.com.ar\/index.php?rest_route=\/wp\/v2\/posts\/3061\/revisions"}],"wp:attachment":[{"href":"https:\/\/masquenoticiastucuman.com.ar\/index.php?rest_route=%2Fwp%2Fv2%2Fmedia&parent=3061"}],"wp:term":[{"taxonomy":"category","embeddable":true,"href":"https:\/\/masquenoticiastucuman.com.ar\/index.php?rest_route=%2Fwp%2Fv2%2Fcategories&post=3061"},{"taxonomy":"post_tag","embeddable":true,"href":"https:\/\/masquenoticiastucuman.com.ar\/index.php?rest_route=%2Fwp%2Fv2%2Ftags&post=3061"}],"curies":[{"name":"wp","href":"https:\/\/api.w.org\/{rel}","templated":true}]}}