{"id":3067,"date":"2024-08-24T09:01:02","date_gmt":"2024-08-24T12:01:02","guid":{"rendered":"http:\/\/masquenoticiastucuman.com.ar\/?p=3067"},"modified":"2024-08-24T09:01:02","modified_gmt":"2024-08-24T12:01:02","slug":"independiente-feroz-enfrentamiento-a-tiros-entre-dos-facciones-de-la-barra-brava-en-una-conocida-parrilla-a-horas-del-clasico","status":"publish","type":"post","link":"https:\/\/masquenoticiastucuman.com.ar\/?p=3067","title":{"rendered":"Independiente: feroz enfrentamiento a tiros entre dos facciones de la barra brava en una conocida parrilla, a horas del cl\u00e1sico"},"content":{"rendered":"<p>En el restaurante &#8220;El Tano&#8221; la barra oficial festejaba un cumplea\u00f1os.All\u00ed irrumpieron miembros del sector denominado &#8220;Rey de Copas&#8221;, que le disputa el poder.No se registraron heridos ni detenidos.<\/p>","protected":false},"excerpt":{"rendered":"<p>En el restaurante &#8220;El Tano&#8221; la barra oficial festejaba un cumplea\u00f1os.All\u00ed irrumpieron miembros del sector&#8230;<\/p>\n","protected":false},"author":0,"featured_media":0,"comment_status":"open","ping_status":"open","sticky":false,"template":"","format":"standard","meta":{"footnotes":""},"categories":[6],"tags":[],"class_list":["post-3067","post","type-post","status-publish","format-standard","hentry","category-deportes"],"_links":{"self":[{"href":"https:\/\/masquenoticiastucuman.com.ar\/index.php?rest_route=\/wp\/v2\/posts\/3067","targetHints":{"allow":["GET"]}}],"collection":[{"href":"https:\/\/masquenoticiastucuman.com.ar\/index.php?rest_route=\/wp\/v2\/posts"}],"about":[{"href":"https:\/\/masquenoticiastucuman.com.ar\/index.php?rest_route=\/wp\/v2\/types\/post"}],"replies":[{"embeddable":true,"href":"https:\/\/masquenoticiastucuman.com.ar\/index.php?rest_route=%2Fwp%2Fv2%2Fcomments&post=3067"}],"version-history":[{"count":0,"href":"https:\/\/masquenoticiastucuman.com.ar\/index.php?rest_route=\/wp\/v2\/posts\/3067\/revisions"}],"wp:attachment":[{"href":"https:\/\/masquenoticiastucuman.com.ar\/index.php?rest_route=%2Fwp%2Fv2%2Fmedia&parent=3067"}],"wp:term":[{"taxonomy":"category","embeddable":true,"href":"https:\/\/masquenoticiastucuman.com.ar\/index.php?rest_route=%2Fwp%2Fv2%2Fcategories&post=3067"},{"taxonomy":"post_tag","embeddable":true,"href":"https:\/\/masquenoticiastucuman.com.ar\/index.php?rest_route=%2Fwp%2Fv2%2Ftags&post=3067"}],"curies":[{"name":"wp","href":"https:\/\/api.w.org\/{rel}","templated":true}]}}