{"id":3077,"date":"2024-08-24T11:01:05","date_gmt":"2024-08-24T14:01:05","guid":{"rendered":"http:\/\/masquenoticiastucuman.com.ar\/?p=3077"},"modified":"2024-08-24T11:01:05","modified_gmt":"2024-08-24T14:01:05","slug":"formula-1-el-peligroso-accidente-de-logan-sargeant-que-termino-con-su-auto-en-llamas","status":"publish","type":"post","link":"https:\/\/masquenoticiastucuman.com.ar\/?p=3077","title":{"rendered":"F\u00f3rmula 1: el peligroso accidente de Logan Sargeant que termin\u00f3 con su auto en llamas"},"content":{"rendered":"<p>La secuencia ocurri\u00f3 en la tercera sesi\u00f3n de entrenamientos libres.Este fin de semana se corre el Gran Premio de Pa\u00edses Bajos en el circuito de Zandvoort.El piloto estadounidense logr\u00f3 saltar del coche y result\u00f3 ileso.<\/p>","protected":false},"excerpt":{"rendered":"<p>La secuencia ocurri\u00f3 en la tercera sesi\u00f3n de entrenamientos libres.Este fin de semana se corre&#8230;<\/p>\n","protected":false},"author":0,"featured_media":0,"comment_status":"open","ping_status":"open","sticky":false,"template":"","format":"standard","meta":{"footnotes":""},"categories":[6],"tags":[],"class_list":["post-3077","post","type-post","status-publish","format-standard","hentry","category-deportes"],"_links":{"self":[{"href":"https:\/\/masquenoticiastucuman.com.ar\/index.php?rest_route=\/wp\/v2\/posts\/3077","targetHints":{"allow":["GET"]}}],"collection":[{"href":"https:\/\/masquenoticiastucuman.com.ar\/index.php?rest_route=\/wp\/v2\/posts"}],"about":[{"href":"https:\/\/masquenoticiastucuman.com.ar\/index.php?rest_route=\/wp\/v2\/types\/post"}],"replies":[{"embeddable":true,"href":"https:\/\/masquenoticiastucuman.com.ar\/index.php?rest_route=%2Fwp%2Fv2%2Fcomments&post=3077"}],"version-history":[{"count":0,"href":"https:\/\/masquenoticiastucuman.com.ar\/index.php?rest_route=\/wp\/v2\/posts\/3077\/revisions"}],"wp:attachment":[{"href":"https:\/\/masquenoticiastucuman.com.ar\/index.php?rest_route=%2Fwp%2Fv2%2Fmedia&parent=3077"}],"wp:term":[{"taxonomy":"category","embeddable":true,"href":"https:\/\/masquenoticiastucuman.com.ar\/index.php?rest_route=%2Fwp%2Fv2%2Fcategories&post=3077"},{"taxonomy":"post_tag","embeddable":true,"href":"https:\/\/masquenoticiastucuman.com.ar\/index.php?rest_route=%2Fwp%2Fv2%2Ftags&post=3077"}],"curies":[{"name":"wp","href":"https:\/\/api.w.org\/{rel}","templated":true}]}}