{"id":3085,"date":"2024-08-24T13:01:03","date_gmt":"2024-08-24T16:01:03","guid":{"rendered":"http:\/\/masquenoticiastucuman.com.ar\/?p=3085"},"modified":"2024-08-24T13:01:03","modified_gmt":"2024-08-24T16:01:03","slug":"una-familia-portena-de-clase-media-necesita-casi-15-millon-para-vivir-en-que-gasta-mas","status":"publish","type":"post","link":"https:\/\/masquenoticiastucuman.com.ar\/?p=3085","title":{"rendered":"Una familia porte\u00f1a de clase media necesita casi $ 1,5 mill\u00f3n para vivir: en qu\u00e9 gasta m\u00e1s"},"content":{"rendered":"<p>El ABL, la medicina prepaga y la TV por cable e Internet fueron los rubros que m\u00e1s aumentaron el mes pasado.<\/p>","protected":false},"excerpt":{"rendered":"<p>El ABL, la medicina prepaga y la TV por cable e Internet fueron los rubros&#8230;<\/p>\n","protected":false},"author":0,"featured_media":0,"comment_status":"open","ping_status":"open","sticky":false,"template":"","format":"standard","meta":{"footnotes":""},"categories":[3],"tags":[],"class_list":["post-3085","post","type-post","status-publish","format-standard","hentry","category-nacionales"],"_links":{"self":[{"href":"https:\/\/masquenoticiastucuman.com.ar\/index.php?rest_route=\/wp\/v2\/posts\/3085","targetHints":{"allow":["GET"]}}],"collection":[{"href":"https:\/\/masquenoticiastucuman.com.ar\/index.php?rest_route=\/wp\/v2\/posts"}],"about":[{"href":"https:\/\/masquenoticiastucuman.com.ar\/index.php?rest_route=\/wp\/v2\/types\/post"}],"replies":[{"embeddable":true,"href":"https:\/\/masquenoticiastucuman.com.ar\/index.php?rest_route=%2Fwp%2Fv2%2Fcomments&post=3085"}],"version-history":[{"count":0,"href":"https:\/\/masquenoticiastucuman.com.ar\/index.php?rest_route=\/wp\/v2\/posts\/3085\/revisions"}],"wp:attachment":[{"href":"https:\/\/masquenoticiastucuman.com.ar\/index.php?rest_route=%2Fwp%2Fv2%2Fmedia&parent=3085"}],"wp:term":[{"taxonomy":"category","embeddable":true,"href":"https:\/\/masquenoticiastucuman.com.ar\/index.php?rest_route=%2Fwp%2Fv2%2Fcategories&post=3085"},{"taxonomy":"post_tag","embeddable":true,"href":"https:\/\/masquenoticiastucuman.com.ar\/index.php?rest_route=%2Fwp%2Fv2%2Ftags&post=3085"}],"curies":[{"name":"wp","href":"https:\/\/api.w.org\/{rel}","templated":true}]}}