{"id":3091,"date":"2024-08-24T14:01:09","date_gmt":"2024-08-24T17:01:09","guid":{"rendered":"http:\/\/masquenoticiastucuman.com.ar\/?p=3091"},"modified":"2024-08-24T14:01:09","modified_gmt":"2024-08-24T17:01:09","slug":"dolar-y-devaluacion-el-impacto-de-la-advertencia-de-uno-de-los-economistas-que-escucha-milei","status":"publish","type":"post","link":"https:\/\/masquenoticiastucuman.com.ar\/?p=3091","title":{"rendered":"D\u00f3lar y devaluaci\u00f3n: el impacto de la advertencia de uno de los economistas que escucha Milei"},"content":{"rendered":"<p>El mercado no termina de creerle al Presidente y los reveses pol\u00edticos de esta semana no ayudaron.\u00bfHabr\u00e1 un d\u00f3lar oficial m\u00e1s pisado y seguir\u00e1\u00b4el &#8220;blend&#8221; hasta las elecciones legislativas?<\/p>","protected":false},"excerpt":{"rendered":"<p>El mercado no termina de creerle al Presidente y los reveses pol\u00edticos de esta semana&#8230;<\/p>\n","protected":false},"author":0,"featured_media":0,"comment_status":"open","ping_status":"open","sticky":false,"template":"","format":"standard","meta":{"footnotes":""},"categories":[3],"tags":[],"class_list":["post-3091","post","type-post","status-publish","format-standard","hentry","category-nacionales"],"_links":{"self":[{"href":"https:\/\/masquenoticiastucuman.com.ar\/index.php?rest_route=\/wp\/v2\/posts\/3091","targetHints":{"allow":["GET"]}}],"collection":[{"href":"https:\/\/masquenoticiastucuman.com.ar\/index.php?rest_route=\/wp\/v2\/posts"}],"about":[{"href":"https:\/\/masquenoticiastucuman.com.ar\/index.php?rest_route=\/wp\/v2\/types\/post"}],"replies":[{"embeddable":true,"href":"https:\/\/masquenoticiastucuman.com.ar\/index.php?rest_route=%2Fwp%2Fv2%2Fcomments&post=3091"}],"version-history":[{"count":0,"href":"https:\/\/masquenoticiastucuman.com.ar\/index.php?rest_route=\/wp\/v2\/posts\/3091\/revisions"}],"wp:attachment":[{"href":"https:\/\/masquenoticiastucuman.com.ar\/index.php?rest_route=%2Fwp%2Fv2%2Fmedia&parent=3091"}],"wp:term":[{"taxonomy":"category","embeddable":true,"href":"https:\/\/masquenoticiastucuman.com.ar\/index.php?rest_route=%2Fwp%2Fv2%2Fcategories&post=3091"},{"taxonomy":"post_tag","embeddable":true,"href":"https:\/\/masquenoticiastucuman.com.ar\/index.php?rest_route=%2Fwp%2Fv2%2Ftags&post=3091"}],"curies":[{"name":"wp","href":"https:\/\/api.w.org\/{rel}","templated":true}]}}