{"id":3093,"date":"2024-08-24T15:01:03","date_gmt":"2024-08-24T18:01:03","guid":{"rendered":"http:\/\/masquenoticiastucuman.com.ar\/?p=3093"},"modified":"2024-08-24T15:01:03","modified_gmt":"2024-08-24T18:01:03","slug":"el-ultimo-adios-a-alain-delon-fue-enterrado-en-privado-en-su-mansion-junto-a-sus-35-perros-tal-como-habia-pedido","status":"publish","type":"post","link":"https:\/\/masquenoticiastucuman.com.ar\/?p=3093","title":{"rendered":"El \u00faltimo adi\u00f3s a Alain Delon: fue enterrado en privado en su mansi\u00f3n junto a sus 35 perros, tal como hab\u00eda pedido"},"content":{"rendered":"<p>El famoso actor muri\u00f3 el pasado domingo 18 de agosto, a los 88 a\u00f1os de edad.Pidi\u00f3 una ceremonia \u00edntima y ning\u00fan homenaje a nivel nacional.<\/p>","protected":false},"excerpt":{"rendered":"<p>El famoso actor muri\u00f3 el pasado domingo 18 de agosto, a los 88 a\u00f1os de&#8230;<\/p>\n","protected":false},"author":0,"featured_media":0,"comment_status":"open","ping_status":"open","sticky":false,"template":"","format":"standard","meta":{"footnotes":""},"categories":[5],"tags":[],"class_list":["post-3093","post","type-post","status-publish","format-standard","hentry","category-espectaculo"],"_links":{"self":[{"href":"https:\/\/masquenoticiastucuman.com.ar\/index.php?rest_route=\/wp\/v2\/posts\/3093","targetHints":{"allow":["GET"]}}],"collection":[{"href":"https:\/\/masquenoticiastucuman.com.ar\/index.php?rest_route=\/wp\/v2\/posts"}],"about":[{"href":"https:\/\/masquenoticiastucuman.com.ar\/index.php?rest_route=\/wp\/v2\/types\/post"}],"replies":[{"embeddable":true,"href":"https:\/\/masquenoticiastucuman.com.ar\/index.php?rest_route=%2Fwp%2Fv2%2Fcomments&post=3093"}],"version-history":[{"count":0,"href":"https:\/\/masquenoticiastucuman.com.ar\/index.php?rest_route=\/wp\/v2\/posts\/3093\/revisions"}],"wp:attachment":[{"href":"https:\/\/masquenoticiastucuman.com.ar\/index.php?rest_route=%2Fwp%2Fv2%2Fmedia&parent=3093"}],"wp:term":[{"taxonomy":"category","embeddable":true,"href":"https:\/\/masquenoticiastucuman.com.ar\/index.php?rest_route=%2Fwp%2Fv2%2Fcategories&post=3093"},{"taxonomy":"post_tag","embeddable":true,"href":"https:\/\/masquenoticiastucuman.com.ar\/index.php?rest_route=%2Fwp%2Fv2%2Ftags&post=3093"}],"curies":[{"name":"wp","href":"https:\/\/api.w.org\/{rel}","templated":true}]}}