{"id":3097,"date":"2024-08-24T15:01:08","date_gmt":"2024-08-24T18:01:08","guid":{"rendered":"http:\/\/masquenoticiastucuman.com.ar\/?p=3097"},"modified":"2024-08-24T15:01:08","modified_gmt":"2024-08-24T18:01:08","slug":"el-regimen-chavista-ya-tiene-fecha-y-hora-para-declarar-en-rebeldia-a-edmundo-gonzalez-urrutia-y-pedir-su-detencion-el-lunes-a-las-10-de-la-manana","status":"publish","type":"post","link":"https:\/\/masquenoticiastucuman.com.ar\/?p=3097","title":{"rendered":"El r\u00e9gimen chavista ya tiene fecha y hora para declarar en rebeld\u00eda a Edmundo Gonz\u00e1lez Urrutia y pedir su detenci\u00f3n: el lunes a las 10 de la ma\u00f1ana"},"content":{"rendered":"<p>As\u00ed lo anunci\u00f3 la Fiscal General de Tarek William Saab, que convoc\u00f3 al excandidato presidencial a declarar en una causa. Si no se presenta, corre el riesgo de que lo metan preso.Gonz\u00e1lez Urrutia ya se ausent\u00f3 de la convocatoria del Tribunal Supremo de Justicia, que el jueves proclam\u00f3 reelecto a Nicol\u00e1s Maduro.<\/p>","protected":false},"excerpt":{"rendered":"<p>As\u00ed lo anunci\u00f3 la Fiscal General de Tarek William Saab, que convoc\u00f3 al excandidato presidencial&#8230;<\/p>\n","protected":false},"author":0,"featured_media":0,"comment_status":"open","ping_status":"open","sticky":false,"template":"","format":"standard","meta":{"footnotes":""},"categories":[4],"tags":[],"class_list":["post-3097","post","type-post","status-publish","format-standard","hentry","category-internacionales"],"_links":{"self":[{"href":"https:\/\/masquenoticiastucuman.com.ar\/index.php?rest_route=\/wp\/v2\/posts\/3097","targetHints":{"allow":["GET"]}}],"collection":[{"href":"https:\/\/masquenoticiastucuman.com.ar\/index.php?rest_route=\/wp\/v2\/posts"}],"about":[{"href":"https:\/\/masquenoticiastucuman.com.ar\/index.php?rest_route=\/wp\/v2\/types\/post"}],"replies":[{"embeddable":true,"href":"https:\/\/masquenoticiastucuman.com.ar\/index.php?rest_route=%2Fwp%2Fv2%2Fcomments&post=3097"}],"version-history":[{"count":0,"href":"https:\/\/masquenoticiastucuman.com.ar\/index.php?rest_route=\/wp\/v2\/posts\/3097\/revisions"}],"wp:attachment":[{"href":"https:\/\/masquenoticiastucuman.com.ar\/index.php?rest_route=%2Fwp%2Fv2%2Fmedia&parent=3097"}],"wp:term":[{"taxonomy":"category","embeddable":true,"href":"https:\/\/masquenoticiastucuman.com.ar\/index.php?rest_route=%2Fwp%2Fv2%2Fcategories&post=3097"},{"taxonomy":"post_tag","embeddable":true,"href":"https:\/\/masquenoticiastucuman.com.ar\/index.php?rest_route=%2Fwp%2Fv2%2Ftags&post=3097"}],"curies":[{"name":"wp","href":"https:\/\/api.w.org\/{rel}","templated":true}]}}