{"id":3099,"date":"2024-08-24T15:01:09","date_gmt":"2024-08-24T18:01:09","guid":{"rendered":"http:\/\/masquenoticiastucuman.com.ar\/?p=3099"},"modified":"2024-08-24T15:01:09","modified_gmt":"2024-08-24T18:01:09","slug":"santiago-caputo-descabeza-la-cupula-de-las-centrales-nucleares-y-busca-interesados-en-la-privatizacion","status":"publish","type":"post","link":"https:\/\/masquenoticiastucuman.com.ar\/?p=3099","title":{"rendered":"Santiago Caputo descabeza la c\u00fapula de las centrales nucleares y busca interesados en la privatizaci\u00f3n"},"content":{"rendered":"<p>El asesor presidencial desembarca en Nucleoel\u00e9ctrica con su gente.La empresa p\u00fablica factura US$ 800 millones al a\u00f1o.<\/p>","protected":false},"excerpt":{"rendered":"<p>El asesor presidencial desembarca en Nucleoel\u00e9ctrica con su gente.La empresa p\u00fablica factura US$ 800 millones&#8230;<\/p>\n","protected":false},"author":0,"featured_media":0,"comment_status":"open","ping_status":"open","sticky":false,"template":"","format":"standard","meta":{"footnotes":""},"categories":[3],"tags":[],"class_list":["post-3099","post","type-post","status-publish","format-standard","hentry","category-nacionales"],"_links":{"self":[{"href":"https:\/\/masquenoticiastucuman.com.ar\/index.php?rest_route=\/wp\/v2\/posts\/3099","targetHints":{"allow":["GET"]}}],"collection":[{"href":"https:\/\/masquenoticiastucuman.com.ar\/index.php?rest_route=\/wp\/v2\/posts"}],"about":[{"href":"https:\/\/masquenoticiastucuman.com.ar\/index.php?rest_route=\/wp\/v2\/types\/post"}],"replies":[{"embeddable":true,"href":"https:\/\/masquenoticiastucuman.com.ar\/index.php?rest_route=%2Fwp%2Fv2%2Fcomments&post=3099"}],"version-history":[{"count":0,"href":"https:\/\/masquenoticiastucuman.com.ar\/index.php?rest_route=\/wp\/v2\/posts\/3099\/revisions"}],"wp:attachment":[{"href":"https:\/\/masquenoticiastucuman.com.ar\/index.php?rest_route=%2Fwp%2Fv2%2Fmedia&parent=3099"}],"wp:term":[{"taxonomy":"category","embeddable":true,"href":"https:\/\/masquenoticiastucuman.com.ar\/index.php?rest_route=%2Fwp%2Fv2%2Fcategories&post=3099"},{"taxonomy":"post_tag","embeddable":true,"href":"https:\/\/masquenoticiastucuman.com.ar\/index.php?rest_route=%2Fwp%2Fv2%2Ftags&post=3099"}],"curies":[{"name":"wp","href":"https:\/\/api.w.org\/{rel}","templated":true}]}}