{"id":3101,"date":"2024-08-24T16:01:03","date_gmt":"2024-08-24T19:01:03","guid":{"rendered":"http:\/\/masquenoticiastucuman.com.ar\/?p=3101"},"modified":"2024-08-24T16:01:03","modified_gmt":"2024-08-24T19:01:03","slug":"escandalo-en-los-partidos-de-juveniles-entre-independiente-y-defensa-y-justicia-se-suspendio-la-jornada-por-una-batalla-campal","status":"publish","type":"post","link":"https:\/\/masquenoticiastucuman.com.ar\/?p=3101","title":{"rendered":"Esc\u00e1ndalo en los partidos de juveniles entre Independiente y Defensa y Justicia: se suspendi\u00f3 la jornada por una batalla campal"},"content":{"rendered":"<p>Fue en Villa Dom\u00ednico tras el partido de Octava Divisi\u00f3n.Seg\u00fan inform\u00f3 el club de Avellaneda, &#8220;allegados del equipo visitante&#8221; agredieron a los familiares de los jugadores del conjunto local.<\/p>","protected":false},"excerpt":{"rendered":"<p>Fue en Villa Dom\u00ednico tras el partido de Octava Divisi\u00f3n.Seg\u00fan inform\u00f3 el club de Avellaneda,&#8230;<\/p>\n","protected":false},"author":0,"featured_media":0,"comment_status":"open","ping_status":"open","sticky":false,"template":"","format":"standard","meta":{"footnotes":""},"categories":[6],"tags":[],"class_list":["post-3101","post","type-post","status-publish","format-standard","hentry","category-deportes"],"_links":{"self":[{"href":"https:\/\/masquenoticiastucuman.com.ar\/index.php?rest_route=\/wp\/v2\/posts\/3101","targetHints":{"allow":["GET"]}}],"collection":[{"href":"https:\/\/masquenoticiastucuman.com.ar\/index.php?rest_route=\/wp\/v2\/posts"}],"about":[{"href":"https:\/\/masquenoticiastucuman.com.ar\/index.php?rest_route=\/wp\/v2\/types\/post"}],"replies":[{"embeddable":true,"href":"https:\/\/masquenoticiastucuman.com.ar\/index.php?rest_route=%2Fwp%2Fv2%2Fcomments&post=3101"}],"version-history":[{"count":0,"href":"https:\/\/masquenoticiastucuman.com.ar\/index.php?rest_route=\/wp\/v2\/posts\/3101\/revisions"}],"wp:attachment":[{"href":"https:\/\/masquenoticiastucuman.com.ar\/index.php?rest_route=%2Fwp%2Fv2%2Fmedia&parent=3101"}],"wp:term":[{"taxonomy":"category","embeddable":true,"href":"https:\/\/masquenoticiastucuman.com.ar\/index.php?rest_route=%2Fwp%2Fv2%2Fcategories&post=3101"},{"taxonomy":"post_tag","embeddable":true,"href":"https:\/\/masquenoticiastucuman.com.ar\/index.php?rest_route=%2Fwp%2Fv2%2Ftags&post=3101"}],"curies":[{"name":"wp","href":"https:\/\/api.w.org\/{rel}","templated":true}]}}