{"id":3107,"date":"2024-08-24T17:01:04","date_gmt":"2024-08-24T20:01:04","guid":{"rendered":"http:\/\/masquenoticiastucuman.com.ar\/?p=3107"},"modified":"2024-08-24T17:01:04","modified_gmt":"2024-08-24T20:01:04","slug":"f1-gp-de-paises-bajos-horarios-de-la-carrera-como-y-donde-ver-la-pole-position-de-la-formula-1","status":"publish","type":"post","link":"https:\/\/masquenoticiastucuman.com.ar\/?p=3107","title":{"rendered":"F1 GP de Pa\u00edses Bajos: horarios de la carrera, c\u00f3mo y d\u00f3nde ver la pole position de la F\u00f3rmula 1"},"content":{"rendered":"<p>Se acerca la recta final de la competencia. En detalle, las tablas de posiciones y las fechas que restan. <\/p>","protected":false},"excerpt":{"rendered":"<p>Se acerca la recta final de la competencia. En detalle, las tablas de posiciones y&#8230;<\/p>\n","protected":false},"author":0,"featured_media":0,"comment_status":"open","ping_status":"open","sticky":false,"template":"","format":"standard","meta":{"footnotes":""},"categories":[6],"tags":[],"class_list":["post-3107","post","type-post","status-publish","format-standard","hentry","category-deportes"],"_links":{"self":[{"href":"https:\/\/masquenoticiastucuman.com.ar\/index.php?rest_route=\/wp\/v2\/posts\/3107","targetHints":{"allow":["GET"]}}],"collection":[{"href":"https:\/\/masquenoticiastucuman.com.ar\/index.php?rest_route=\/wp\/v2\/posts"}],"about":[{"href":"https:\/\/masquenoticiastucuman.com.ar\/index.php?rest_route=\/wp\/v2\/types\/post"}],"replies":[{"embeddable":true,"href":"https:\/\/masquenoticiastucuman.com.ar\/index.php?rest_route=%2Fwp%2Fv2%2Fcomments&post=3107"}],"version-history":[{"count":0,"href":"https:\/\/masquenoticiastucuman.com.ar\/index.php?rest_route=\/wp\/v2\/posts\/3107\/revisions"}],"wp:attachment":[{"href":"https:\/\/masquenoticiastucuman.com.ar\/index.php?rest_route=%2Fwp%2Fv2%2Fmedia&parent=3107"}],"wp:term":[{"taxonomy":"category","embeddable":true,"href":"https:\/\/masquenoticiastucuman.com.ar\/index.php?rest_route=%2Fwp%2Fv2%2Fcategories&post=3107"},{"taxonomy":"post_tag","embeddable":true,"href":"https:\/\/masquenoticiastucuman.com.ar\/index.php?rest_route=%2Fwp%2Fv2%2Ftags&post=3107"}],"curies":[{"name":"wp","href":"https:\/\/api.w.org\/{rel}","templated":true}]}}