{"id":3109,"date":"2024-08-24T17:01:06","date_gmt":"2024-08-24T20:01:06","guid":{"rendered":"http:\/\/masquenoticiastucuman.com.ar\/?p=3109"},"modified":"2024-08-24T17:01:06","modified_gmt":"2024-08-24T20:01:06","slug":"el-isis-se-atribuye-el-ataque-en-un-festival-en-alemania-la-policia-lanza-una-caceria-detras-del-hombre-que-dejo-tres-muertos-a-cuchilladas","status":"publish","type":"post","link":"https:\/\/masquenoticiastucuman.com.ar\/?p=3109","title":{"rendered":"El ISIS se atribuye el ataque en un festival en Alemania: la polic\u00eda lanza una cacer\u00eda detr\u00e1s del hombre que dej\u00f3 tres muertos a cuchilladas"},"content":{"rendered":"<p>Fue en una fiesta &#8220;por la diversidad&#8221; en Solingen, en el oeste del pa\u00eds. Detuvieron a un menor de 15 a\u00f1os, que estar\u00eda relacionado pero no es el atacante. Despliegan fuerzas especiales.<\/p>","protected":false},"excerpt":{"rendered":"<p>Fue en una fiesta &#8220;por la diversidad&#8221; en Solingen, en el oeste del pa\u00eds. Detuvieron&#8230;<\/p>\n","protected":false},"author":0,"featured_media":0,"comment_status":"open","ping_status":"open","sticky":false,"template":"","format":"standard","meta":{"footnotes":""},"categories":[4],"tags":[],"class_list":["post-3109","post","type-post","status-publish","format-standard","hentry","category-internacionales"],"_links":{"self":[{"href":"https:\/\/masquenoticiastucuman.com.ar\/index.php?rest_route=\/wp\/v2\/posts\/3109","targetHints":{"allow":["GET"]}}],"collection":[{"href":"https:\/\/masquenoticiastucuman.com.ar\/index.php?rest_route=\/wp\/v2\/posts"}],"about":[{"href":"https:\/\/masquenoticiastucuman.com.ar\/index.php?rest_route=\/wp\/v2\/types\/post"}],"replies":[{"embeddable":true,"href":"https:\/\/masquenoticiastucuman.com.ar\/index.php?rest_route=%2Fwp%2Fv2%2Fcomments&post=3109"}],"version-history":[{"count":0,"href":"https:\/\/masquenoticiastucuman.com.ar\/index.php?rest_route=\/wp\/v2\/posts\/3109\/revisions"}],"wp:attachment":[{"href":"https:\/\/masquenoticiastucuman.com.ar\/index.php?rest_route=%2Fwp%2Fv2%2Fmedia&parent=3109"}],"wp:term":[{"taxonomy":"category","embeddable":true,"href":"https:\/\/masquenoticiastucuman.com.ar\/index.php?rest_route=%2Fwp%2Fv2%2Fcategories&post=3109"},{"taxonomy":"post_tag","embeddable":true,"href":"https:\/\/masquenoticiastucuman.com.ar\/index.php?rest_route=%2Fwp%2Fv2%2Ftags&post=3109"}],"curies":[{"name":"wp","href":"https:\/\/api.w.org\/{rel}","templated":true}]}}