{"id":3141,"date":"2024-08-25T06:01:03","date_gmt":"2024-08-25T09:01:03","guid":{"rendered":"http:\/\/masquenoticiastucuman.com.ar\/?p=3141"},"modified":"2024-08-25T06:01:03","modified_gmt":"2024-08-25T09:01:03","slug":"la-revolucion-de-hans-dieter-flick-en-barcelona-la-masia-al-poder-con-tres-chicos-de-17-anos-en-el-equipo-titular","status":"publish","type":"post","link":"https:\/\/masquenoticiastucuman.com.ar\/?p=3141","title":{"rendered":"La revoluci\u00f3n de Hans-Dieter Flick en Barcelona: La Mas\u00eda al poder con tres chicos de 17 a\u00f1os en el equipo titular"},"content":{"rendered":"<p>Son Lamine Yamal, Pau Cubars\u00ed y Marc Bernal y ya despiertan elogios y admiraci\u00f3n. &#8220;No alineo a los jugadores dependiendo de la edad, sino por la actualidad&#8221;, explic\u00f3 el DT alem\u00e1n. \u00bfLe alcanzar\u00e1 la cantera para darle pelea al Real Madrid de Kylian Mbapp\u00e9?<\/p>","protected":false},"excerpt":{"rendered":"<p>Son Lamine Yamal, Pau Cubars\u00ed y Marc Bernal y ya despiertan elogios y admiraci\u00f3n. &#8220;No&#8230;<\/p>\n","protected":false},"author":0,"featured_media":0,"comment_status":"open","ping_status":"open","sticky":false,"template":"","format":"standard","meta":{"footnotes":""},"categories":[6],"tags":[],"class_list":["post-3141","post","type-post","status-publish","format-standard","hentry","category-deportes"],"_links":{"self":[{"href":"https:\/\/masquenoticiastucuman.com.ar\/index.php?rest_route=\/wp\/v2\/posts\/3141","targetHints":{"allow":["GET"]}}],"collection":[{"href":"https:\/\/masquenoticiastucuman.com.ar\/index.php?rest_route=\/wp\/v2\/posts"}],"about":[{"href":"https:\/\/masquenoticiastucuman.com.ar\/index.php?rest_route=\/wp\/v2\/types\/post"}],"replies":[{"embeddable":true,"href":"https:\/\/masquenoticiastucuman.com.ar\/index.php?rest_route=%2Fwp%2Fv2%2Fcomments&post=3141"}],"version-history":[{"count":0,"href":"https:\/\/masquenoticiastucuman.com.ar\/index.php?rest_route=\/wp\/v2\/posts\/3141\/revisions"}],"wp:attachment":[{"href":"https:\/\/masquenoticiastucuman.com.ar\/index.php?rest_route=%2Fwp%2Fv2%2Fmedia&parent=3141"}],"wp:term":[{"taxonomy":"category","embeddable":true,"href":"https:\/\/masquenoticiastucuman.com.ar\/index.php?rest_route=%2Fwp%2Fv2%2Fcategories&post=3141"},{"taxonomy":"post_tag","embeddable":true,"href":"https:\/\/masquenoticiastucuman.com.ar\/index.php?rest_route=%2Fwp%2Fv2%2Ftags&post=3141"}],"curies":[{"name":"wp","href":"https:\/\/api.w.org\/{rel}","templated":true}]}}