{"id":3145,"date":"2024-08-25T07:01:04","date_gmt":"2024-08-25T10:01:04","guid":{"rendered":"http:\/\/masquenoticiastucuman.com.ar\/?p=3145"},"modified":"2024-08-25T07:01:04","modified_gmt":"2024-08-25T10:01:04","slug":"la-soprano-que-es-sobrina-nieta-del-legendario-arquitecto-francisco-salamone-y-le-canta-a-sus-monumentales-obras","status":"publish","type":"post","link":"https:\/\/masquenoticiastucuman.com.ar\/?p=3145","title":{"rendered":"La soprano que es sobrina nieta del legendario arquitecto Francisco Salamone y le canta a sus monumentales obras"},"content":{"rendered":"<p>Paola Salamone se prepara para presentar el tercer \u00e1lbum del compositor, autor, m\u00fasico y productor Alejandro Miniaci.Los discos est\u00e1n inspirados en los monumentales edificios que construy\u00f3 en las provincias de Buenos Aires y C\u00f3rdoba.<\/p>","protected":false},"excerpt":{"rendered":"<p>Paola Salamone se prepara para presentar el tercer \u00e1lbum del compositor, autor, m\u00fasico y productor&#8230;<\/p>\n","protected":false},"author":0,"featured_media":0,"comment_status":"open","ping_status":"open","sticky":false,"template":"","format":"standard","meta":{"footnotes":""},"categories":[5],"tags":[],"class_list":["post-3145","post","type-post","status-publish","format-standard","hentry","category-espectaculo"],"_links":{"self":[{"href":"https:\/\/masquenoticiastucuman.com.ar\/index.php?rest_route=\/wp\/v2\/posts\/3145","targetHints":{"allow":["GET"]}}],"collection":[{"href":"https:\/\/masquenoticiastucuman.com.ar\/index.php?rest_route=\/wp\/v2\/posts"}],"about":[{"href":"https:\/\/masquenoticiastucuman.com.ar\/index.php?rest_route=\/wp\/v2\/types\/post"}],"replies":[{"embeddable":true,"href":"https:\/\/masquenoticiastucuman.com.ar\/index.php?rest_route=%2Fwp%2Fv2%2Fcomments&post=3145"}],"version-history":[{"count":0,"href":"https:\/\/masquenoticiastucuman.com.ar\/index.php?rest_route=\/wp\/v2\/posts\/3145\/revisions"}],"wp:attachment":[{"href":"https:\/\/masquenoticiastucuman.com.ar\/index.php?rest_route=%2Fwp%2Fv2%2Fmedia&parent=3145"}],"wp:term":[{"taxonomy":"category","embeddable":true,"href":"https:\/\/masquenoticiastucuman.com.ar\/index.php?rest_route=%2Fwp%2Fv2%2Fcategories&post=3145"},{"taxonomy":"post_tag","embeddable":true,"href":"https:\/\/masquenoticiastucuman.com.ar\/index.php?rest_route=%2Fwp%2Fv2%2Ftags&post=3145"}],"curies":[{"name":"wp","href":"https:\/\/api.w.org\/{rel}","templated":true}]}}