{"id":3153,"date":"2024-08-25T10:01:03","date_gmt":"2024-08-25T13:01:03","guid":{"rendered":"http:\/\/masquenoticiastucuman.com.ar\/?p=3153"},"modified":"2024-08-25T10:01:03","modified_gmt":"2024-08-25T13:01:03","slug":"todos-los-economistas-del-presidente-el-ancla-fiscal-se-milita-en-el-excel-y-x-con-selfies","status":"publish","type":"post","link":"https:\/\/masquenoticiastucuman.com.ar\/?p=3153","title":{"rendered":"Todos los economistas del Presidente: el ancla fiscal se milita en el excel y X con selfies"},"content":{"rendered":"<p>Javier Milei estaba en Olivos con la c\u00fapula de la conducci\u00f3n econ\u00f3mica de su gobierno cuando subi\u00f3 a redes la foto que \u00e9l define como \u201cel ancla fiscal\u201d.<\/p>","protected":false},"excerpt":{"rendered":"<p>Javier Milei estaba en Olivos con la c\u00fapula de la conducci\u00f3n econ\u00f3mica de su gobierno&#8230;<\/p>\n","protected":false},"author":0,"featured_media":0,"comment_status":"open","ping_status":"open","sticky":false,"template":"","format":"standard","meta":{"footnotes":""},"categories":[3],"tags":[],"class_list":["post-3153","post","type-post","status-publish","format-standard","hentry","category-nacionales"],"_links":{"self":[{"href":"https:\/\/masquenoticiastucuman.com.ar\/index.php?rest_route=\/wp\/v2\/posts\/3153","targetHints":{"allow":["GET"]}}],"collection":[{"href":"https:\/\/masquenoticiastucuman.com.ar\/index.php?rest_route=\/wp\/v2\/posts"}],"about":[{"href":"https:\/\/masquenoticiastucuman.com.ar\/index.php?rest_route=\/wp\/v2\/types\/post"}],"replies":[{"embeddable":true,"href":"https:\/\/masquenoticiastucuman.com.ar\/index.php?rest_route=%2Fwp%2Fv2%2Fcomments&post=3153"}],"version-history":[{"count":0,"href":"https:\/\/masquenoticiastucuman.com.ar\/index.php?rest_route=\/wp\/v2\/posts\/3153\/revisions"}],"wp:attachment":[{"href":"https:\/\/masquenoticiastucuman.com.ar\/index.php?rest_route=%2Fwp%2Fv2%2Fmedia&parent=3153"}],"wp:term":[{"taxonomy":"category","embeddable":true,"href":"https:\/\/masquenoticiastucuman.com.ar\/index.php?rest_route=%2Fwp%2Fv2%2Fcategories&post=3153"},{"taxonomy":"post_tag","embeddable":true,"href":"https:\/\/masquenoticiastucuman.com.ar\/index.php?rest_route=%2Fwp%2Fv2%2Ftags&post=3153"}],"curies":[{"name":"wp","href":"https:\/\/api.w.org\/{rel}","templated":true}]}}