{"id":3167,"date":"2024-08-25T13:01:06","date_gmt":"2024-08-25T16:01:06","guid":{"rendered":"http:\/\/masquenoticiastucuman.com.ar\/?p=3167"},"modified":"2024-08-25T13:01:06","modified_gmt":"2024-08-25T16:01:06","slug":"acusan-a-netanyahu-de-desproteger-el-norte-de-israel-de-los-ataques-de-hezbollah-no-nos-interesan-mas","status":"publish","type":"post","link":"https:\/\/masquenoticiastucuman.com.ar\/?p=3167","title":{"rendered":"Acusan a Netanyahu de desproteger el norte de Israel de los ataques de Hezbollah: &#8220;No nos interesan m\u00e1s&#8221;"},"content":{"rendered":"<p>Tres l\u00edderes de zonas fronterizas afirman que el Gobierno s\u00f3lo se preocupa por la regi\u00f3n central y cortaron comunicaciones.Denuncian que el primer ministros &#8220;busca una guerra total&#8221; sin importar la suerte de los rehenes.<\/p>","protected":false},"excerpt":{"rendered":"<p>Tres l\u00edderes de zonas fronterizas afirman que el Gobierno s\u00f3lo se preocupa por la regi\u00f3n&#8230;<\/p>\n","protected":false},"author":0,"featured_media":0,"comment_status":"open","ping_status":"open","sticky":false,"template":"","format":"standard","meta":{"footnotes":""},"categories":[4],"tags":[],"class_list":["post-3167","post","type-post","status-publish","format-standard","hentry","category-internacionales"],"_links":{"self":[{"href":"https:\/\/masquenoticiastucuman.com.ar\/index.php?rest_route=\/wp\/v2\/posts\/3167","targetHints":{"allow":["GET"]}}],"collection":[{"href":"https:\/\/masquenoticiastucuman.com.ar\/index.php?rest_route=\/wp\/v2\/posts"}],"about":[{"href":"https:\/\/masquenoticiastucuman.com.ar\/index.php?rest_route=\/wp\/v2\/types\/post"}],"replies":[{"embeddable":true,"href":"https:\/\/masquenoticiastucuman.com.ar\/index.php?rest_route=%2Fwp%2Fv2%2Fcomments&post=3167"}],"version-history":[{"count":0,"href":"https:\/\/masquenoticiastucuman.com.ar\/index.php?rest_route=\/wp\/v2\/posts\/3167\/revisions"}],"wp:attachment":[{"href":"https:\/\/masquenoticiastucuman.com.ar\/index.php?rest_route=%2Fwp%2Fv2%2Fmedia&parent=3167"}],"wp:term":[{"taxonomy":"category","embeddable":true,"href":"https:\/\/masquenoticiastucuman.com.ar\/index.php?rest_route=%2Fwp%2Fv2%2Fcategories&post=3167"},{"taxonomy":"post_tag","embeddable":true,"href":"https:\/\/masquenoticiastucuman.com.ar\/index.php?rest_route=%2Fwp%2Fv2%2Ftags&post=3167"}],"curies":[{"name":"wp","href":"https:\/\/api.w.org\/{rel}","templated":true}]}}