{"id":3173,"date":"2024-08-25T14:01:06","date_gmt":"2024-08-25T17:01:06","guid":{"rendered":"http:\/\/masquenoticiastucuman.com.ar\/?p=3173"},"modified":"2024-08-25T14:01:06","modified_gmt":"2024-08-25T17:01:06","slug":"el-papa-reitero-la-necesidad-de-poner-fin-a-las-guerras-en-palestina-y-tantos-otros-lugares-en-el-mundo","status":"publish","type":"post","link":"https:\/\/masquenoticiastucuman.com.ar\/?p=3173","title":{"rendered":"El Papa reiter\u00f3 la necesidad de \u201cponer fin a las guerras en Palestina y tantos otros lugares en el mundo\u201d"},"content":{"rendered":"<p>El pont\u00edfice argentino se\u00f1al\u00f3 que \u201cla distinci\u00f3n entre los objetivos militares y civiles es cada vez m\u00e1s borrosa&#8221;. Y agreg\u00f3 que &#8220;nuestras conciencias no pueden evitar conmoverse ante las escenas de las escenas de muerte y destrucci\u00f3n que vemos ante nuestros ojos todos los d\u00edas\u201d.<\/p>","protected":false},"excerpt":{"rendered":"<p>El pont\u00edfice argentino se\u00f1al\u00f3 que \u201cla distinci\u00f3n entre los objetivos militares y civiles es cada&#8230;<\/p>\n","protected":false},"author":0,"featured_media":0,"comment_status":"open","ping_status":"open","sticky":false,"template":"","format":"standard","meta":{"footnotes":""},"categories":[4],"tags":[],"class_list":["post-3173","post","type-post","status-publish","format-standard","hentry","category-internacionales"],"_links":{"self":[{"href":"https:\/\/masquenoticiastucuman.com.ar\/index.php?rest_route=\/wp\/v2\/posts\/3173","targetHints":{"allow":["GET"]}}],"collection":[{"href":"https:\/\/masquenoticiastucuman.com.ar\/index.php?rest_route=\/wp\/v2\/posts"}],"about":[{"href":"https:\/\/masquenoticiastucuman.com.ar\/index.php?rest_route=\/wp\/v2\/types\/post"}],"replies":[{"embeddable":true,"href":"https:\/\/masquenoticiastucuman.com.ar\/index.php?rest_route=%2Fwp%2Fv2%2Fcomments&post=3173"}],"version-history":[{"count":0,"href":"https:\/\/masquenoticiastucuman.com.ar\/index.php?rest_route=\/wp\/v2\/posts\/3173\/revisions"}],"wp:attachment":[{"href":"https:\/\/masquenoticiastucuman.com.ar\/index.php?rest_route=%2Fwp%2Fv2%2Fmedia&parent=3173"}],"wp:term":[{"taxonomy":"category","embeddable":true,"href":"https:\/\/masquenoticiastucuman.com.ar\/index.php?rest_route=%2Fwp%2Fv2%2Fcategories&post=3173"},{"taxonomy":"post_tag","embeddable":true,"href":"https:\/\/masquenoticiastucuman.com.ar\/index.php?rest_route=%2Fwp%2Fv2%2Ftags&post=3173"}],"curies":[{"name":"wp","href":"https:\/\/api.w.org\/{rel}","templated":true}]}}