{"id":3175,"date":"2024-08-25T15:01:03","date_gmt":"2024-08-25T18:01:03","guid":{"rendered":"http:\/\/masquenoticiastucuman.com.ar\/?p=3175"},"modified":"2024-08-25T15:01:03","modified_gmt":"2024-08-25T18:01:03","slug":"como-le-fue-a-dillom-con-lali-y-wos-en-el-primero-de-sus-dos-movistar-arena","status":"publish","type":"post","link":"https:\/\/masquenoticiastucuman.com.ar\/?p=3175","title":{"rendered":"C\u00f3mo le fue a Dillom con Lali y Wos en el primero de sus dos Movistar Arena"},"content":{"rendered":"<p>El popular m\u00fasico present\u00f3 su \u00faltimo disco &#8220;Por ces\u00e1rea&#8221; en el estadio de Villa Crespo, tras haber llenado dos Luna Park.Tambi\u00e9n hubo invitados como Broke Carrey, Illquentin y K4.<\/p>","protected":false},"excerpt":{"rendered":"<p>El popular m\u00fasico present\u00f3 su \u00faltimo disco &#8220;Por ces\u00e1rea&#8221; en el estadio de Villa Crespo,&#8230;<\/p>\n","protected":false},"author":0,"featured_media":0,"comment_status":"open","ping_status":"open","sticky":false,"template":"","format":"standard","meta":{"footnotes":""},"categories":[5],"tags":[],"class_list":["post-3175","post","type-post","status-publish","format-standard","hentry","category-espectaculo"],"_links":{"self":[{"href":"https:\/\/masquenoticiastucuman.com.ar\/index.php?rest_route=\/wp\/v2\/posts\/3175","targetHints":{"allow":["GET"]}}],"collection":[{"href":"https:\/\/masquenoticiastucuman.com.ar\/index.php?rest_route=\/wp\/v2\/posts"}],"about":[{"href":"https:\/\/masquenoticiastucuman.com.ar\/index.php?rest_route=\/wp\/v2\/types\/post"}],"replies":[{"embeddable":true,"href":"https:\/\/masquenoticiastucuman.com.ar\/index.php?rest_route=%2Fwp%2Fv2%2Fcomments&post=3175"}],"version-history":[{"count":0,"href":"https:\/\/masquenoticiastucuman.com.ar\/index.php?rest_route=\/wp\/v2\/posts\/3175\/revisions"}],"wp:attachment":[{"href":"https:\/\/masquenoticiastucuman.com.ar\/index.php?rest_route=%2Fwp%2Fv2%2Fmedia&parent=3175"}],"wp:term":[{"taxonomy":"category","embeddable":true,"href":"https:\/\/masquenoticiastucuman.com.ar\/index.php?rest_route=%2Fwp%2Fv2%2Fcategories&post=3175"},{"taxonomy":"post_tag","embeddable":true,"href":"https:\/\/masquenoticiastucuman.com.ar\/index.php?rest_route=%2Fwp%2Fv2%2Ftags&post=3175"}],"curies":[{"name":"wp","href":"https:\/\/api.w.org\/{rel}","templated":true}]}}