{"id":3181,"date":"2024-08-25T16:01:04","date_gmt":"2024-08-25T19:01:04","guid":{"rendered":"http:\/\/masquenoticiastucuman.com.ar\/?p=3181"},"modified":"2024-08-25T16:01:04","modified_gmt":"2024-08-25T19:01:04","slug":"tras-ser-arrestado-el-fundador-de-telegram-pavel-durov-comparecera-ante-un-tribunal-en-francia","status":"publish","type":"post","link":"https:\/\/masquenoticiastucuman.com.ar\/?p=3181","title":{"rendered":"Tras ser arrestado, el fundador de Telegram Pavel Durov comparecer\u00e1 ante un tribunal en Francia"},"content":{"rendered":"<p>La agencia francesa de prevenci\u00f3n de la violencia contra los menores hab\u00eda emitido una orden de arresto como parte de una investigaci\u00f3n preliminar sobre varios delitos. Incluyen fraude, tr\u00e1fico de drogas, acoso cibern\u00e9tico, crimen organizado y promoci\u00f3n de terrorismo.<\/p>","protected":false},"excerpt":{"rendered":"<p>La agencia francesa de prevenci\u00f3n de la violencia contra los menores hab\u00eda emitido una orden&#8230;<\/p>\n","protected":false},"author":0,"featured_media":0,"comment_status":"open","ping_status":"open","sticky":false,"template":"","format":"standard","meta":{"footnotes":""},"categories":[4],"tags":[],"class_list":["post-3181","post","type-post","status-publish","format-standard","hentry","category-internacionales"],"_links":{"self":[{"href":"https:\/\/masquenoticiastucuman.com.ar\/index.php?rest_route=\/wp\/v2\/posts\/3181","targetHints":{"allow":["GET"]}}],"collection":[{"href":"https:\/\/masquenoticiastucuman.com.ar\/index.php?rest_route=\/wp\/v2\/posts"}],"about":[{"href":"https:\/\/masquenoticiastucuman.com.ar\/index.php?rest_route=\/wp\/v2\/types\/post"}],"replies":[{"embeddable":true,"href":"https:\/\/masquenoticiastucuman.com.ar\/index.php?rest_route=%2Fwp%2Fv2%2Fcomments&post=3181"}],"version-history":[{"count":0,"href":"https:\/\/masquenoticiastucuman.com.ar\/index.php?rest_route=\/wp\/v2\/posts\/3181\/revisions"}],"wp:attachment":[{"href":"https:\/\/masquenoticiastucuman.com.ar\/index.php?rest_route=%2Fwp%2Fv2%2Fmedia&parent=3181"}],"wp:term":[{"taxonomy":"category","embeddable":true,"href":"https:\/\/masquenoticiastucuman.com.ar\/index.php?rest_route=%2Fwp%2Fv2%2Fcategories&post=3181"},{"taxonomy":"post_tag","embeddable":true,"href":"https:\/\/masquenoticiastucuman.com.ar\/index.php?rest_route=%2Fwp%2Fv2%2Ftags&post=3181"}],"curies":[{"name":"wp","href":"https:\/\/api.w.org\/{rel}","templated":true}]}}