{"id":3183,"date":"2024-08-25T16:01:06","date_gmt":"2024-08-25T19:01:06","guid":{"rendered":"http:\/\/masquenoticiastucuman.com.ar\/?p=3183"},"modified":"2024-08-25T16:01:06","modified_gmt":"2024-08-25T19:01:06","slug":"el-plan-del-gobierno-para-la-hidrovia-control-federal-nueva-licitacion-internacional-para-el-sector-privado-y-cobro-de-peajes","status":"publish","type":"post","link":"https:\/\/masquenoticiastucuman.com.ar\/?p=3183","title":{"rendered":"El plan del Gobierno para la Hidrov\u00eda: control federal, nueva licitaci\u00f3n internacional para el sector privado y cobro de peajes"},"content":{"rendered":"<p>Hubo dos decretos para esta crucial v\u00eda navegable para el comercio exterior.\u00bfCu\u00e1l son los cambios con el modelo que estableci\u00f3 Alberto Fern\u00e1ndez?La preocupaci\u00f3n de industriales y exportadores.<\/p>","protected":false},"excerpt":{"rendered":"<p>Hubo dos decretos para esta crucial v\u00eda navegable para el comercio exterior.\u00bfCu\u00e1l son los cambios&#8230;<\/p>\n","protected":false},"author":0,"featured_media":0,"comment_status":"open","ping_status":"open","sticky":false,"template":"","format":"standard","meta":{"footnotes":""},"categories":[3],"tags":[],"class_list":["post-3183","post","type-post","status-publish","format-standard","hentry","category-nacionales"],"_links":{"self":[{"href":"https:\/\/masquenoticiastucuman.com.ar\/index.php?rest_route=\/wp\/v2\/posts\/3183","targetHints":{"allow":["GET"]}}],"collection":[{"href":"https:\/\/masquenoticiastucuman.com.ar\/index.php?rest_route=\/wp\/v2\/posts"}],"about":[{"href":"https:\/\/masquenoticiastucuman.com.ar\/index.php?rest_route=\/wp\/v2\/types\/post"}],"replies":[{"embeddable":true,"href":"https:\/\/masquenoticiastucuman.com.ar\/index.php?rest_route=%2Fwp%2Fv2%2Fcomments&post=3183"}],"version-history":[{"count":0,"href":"https:\/\/masquenoticiastucuman.com.ar\/index.php?rest_route=\/wp\/v2\/posts\/3183\/revisions"}],"wp:attachment":[{"href":"https:\/\/masquenoticiastucuman.com.ar\/index.php?rest_route=%2Fwp%2Fv2%2Fmedia&parent=3183"}],"wp:term":[{"taxonomy":"category","embeddable":true,"href":"https:\/\/masquenoticiastucuman.com.ar\/index.php?rest_route=%2Fwp%2Fv2%2Fcategories&post=3183"},{"taxonomy":"post_tag","embeddable":true,"href":"https:\/\/masquenoticiastucuman.com.ar\/index.php?rest_route=%2Fwp%2Fv2%2Ftags&post=3183"}],"curies":[{"name":"wp","href":"https:\/\/api.w.org\/{rel}","templated":true}]}}