{"id":3223,"date":"2024-08-26T07:01:03","date_gmt":"2024-08-26T10:01:03","guid":{"rendered":"http:\/\/masquenoticiastucuman.com.ar\/?p=3223"},"modified":"2024-08-26T07:01:03","modified_gmt":"2024-08-26T10:01:03","slug":"hoy-entregan-los-premios-sur-2024-todos-los-candidatos-y-el-reconocimiento-a-ricardo-darin","status":"publish","type":"post","link":"https:\/\/masquenoticiastucuman.com.ar\/?p=3223","title":{"rendered":"Hoy entregan los Premios Sur 2024: todos los candidatos y el reconocimiento a Ricardo Dar\u00edn"},"content":{"rendered":"<p>A mejor filme de ficci\u00f3n compiten &#8220;Blondi&#8221;, &#8220;Cuando acecha la maldad&#8221;, Los delincuentes y &#8220;Puan&#8221;.Habr\u00e1 Premios de honor a Ricardo Dar\u00edn, Adolfo Aristarain y Carmen Guarini. Por d\u00f3nde verlos.<\/p>","protected":false},"excerpt":{"rendered":"<p>A mejor filme de ficci\u00f3n compiten &#8220;Blondi&#8221;, &#8220;Cuando acecha la maldad&#8221;, Los delincuentes y &#8220;Puan&#8221;.Habr\u00e1&#8230;<\/p>\n","protected":false},"author":0,"featured_media":0,"comment_status":"open","ping_status":"open","sticky":false,"template":"","format":"standard","meta":{"footnotes":""},"categories":[5],"tags":[],"class_list":["post-3223","post","type-post","status-publish","format-standard","hentry","category-espectaculo"],"_links":{"self":[{"href":"https:\/\/masquenoticiastucuman.com.ar\/index.php?rest_route=\/wp\/v2\/posts\/3223","targetHints":{"allow":["GET"]}}],"collection":[{"href":"https:\/\/masquenoticiastucuman.com.ar\/index.php?rest_route=\/wp\/v2\/posts"}],"about":[{"href":"https:\/\/masquenoticiastucuman.com.ar\/index.php?rest_route=\/wp\/v2\/types\/post"}],"replies":[{"embeddable":true,"href":"https:\/\/masquenoticiastucuman.com.ar\/index.php?rest_route=%2Fwp%2Fv2%2Fcomments&post=3223"}],"version-history":[{"count":0,"href":"https:\/\/masquenoticiastucuman.com.ar\/index.php?rest_route=\/wp\/v2\/posts\/3223\/revisions"}],"wp:attachment":[{"href":"https:\/\/masquenoticiastucuman.com.ar\/index.php?rest_route=%2Fwp%2Fv2%2Fmedia&parent=3223"}],"wp:term":[{"taxonomy":"category","embeddable":true,"href":"https:\/\/masquenoticiastucuman.com.ar\/index.php?rest_route=%2Fwp%2Fv2%2Fcategories&post=3223"},{"taxonomy":"post_tag","embeddable":true,"href":"https:\/\/masquenoticiastucuman.com.ar\/index.php?rest_route=%2Fwp%2Fv2%2Ftags&post=3223"}],"curies":[{"name":"wp","href":"https:\/\/api.w.org\/{rel}","templated":true}]}}