{"id":3232,"date":"2024-08-26T08:01:05","date_gmt":"2024-08-26T11:01:05","guid":{"rendered":"http:\/\/masquenoticiastucuman.com.ar\/?p=3232"},"modified":"2024-08-26T08:01:05","modified_gmt":"2024-08-26T11:01:05","slug":"argentina-tendra-vuelos-low-cost-a-miami-y-nueva-york-desde-2025-con-la-aerea-que-ira-directo-a-punta-cana","status":"publish","type":"post","link":"https:\/\/masquenoticiastucuman.com.ar\/?p=3232","title":{"rendered":"Argentina tendr\u00e1 vuelos low cost a Miami y Nueva York desde 2025 con la a\u00e9rea que ir\u00e1 directo a Punta Cana"},"content":{"rendered":"<p>Arajet espera volar a 17 destinos desde Ezeiza antes de 2030.Adem\u00e1s, prev\u00e9 sumar frecuencias a Punta Cana desde C\u00f3rdoba.No descarta sumar otras rutas con la pol\u00edtica de cielos abiertos.<\/p>","protected":false},"excerpt":{"rendered":"<p>Arajet espera volar a 17 destinos desde Ezeiza antes de 2030.Adem\u00e1s, prev\u00e9 sumar frecuencias a&#8230;<\/p>\n","protected":false},"author":0,"featured_media":0,"comment_status":"open","ping_status":"open","sticky":false,"template":"","format":"standard","meta":{"footnotes":""},"categories":[3],"tags":[],"class_list":["post-3232","post","type-post","status-publish","format-standard","hentry","category-nacionales"],"_links":{"self":[{"href":"https:\/\/masquenoticiastucuman.com.ar\/index.php?rest_route=\/wp\/v2\/posts\/3232","targetHints":{"allow":["GET"]}}],"collection":[{"href":"https:\/\/masquenoticiastucuman.com.ar\/index.php?rest_route=\/wp\/v2\/posts"}],"about":[{"href":"https:\/\/masquenoticiastucuman.com.ar\/index.php?rest_route=\/wp\/v2\/types\/post"}],"replies":[{"embeddable":true,"href":"https:\/\/masquenoticiastucuman.com.ar\/index.php?rest_route=%2Fwp%2Fv2%2Fcomments&post=3232"}],"version-history":[{"count":0,"href":"https:\/\/masquenoticiastucuman.com.ar\/index.php?rest_route=\/wp\/v2\/posts\/3232\/revisions"}],"wp:attachment":[{"href":"https:\/\/masquenoticiastucuman.com.ar\/index.php?rest_route=%2Fwp%2Fv2%2Fmedia&parent=3232"}],"wp:term":[{"taxonomy":"category","embeddable":true,"href":"https:\/\/masquenoticiastucuman.com.ar\/index.php?rest_route=%2Fwp%2Fv2%2Fcategories&post=3232"},{"taxonomy":"post_tag","embeddable":true,"href":"https:\/\/masquenoticiastucuman.com.ar\/index.php?rest_route=%2Fwp%2Fv2%2Ftags&post=3232"}],"curies":[{"name":"wp","href":"https:\/\/api.w.org\/{rel}","templated":true}]}}