{"id":3234,"date":"2024-08-26T09:01:02","date_gmt":"2024-08-26T12:01:02","guid":{"rendered":"http:\/\/masquenoticiastucuman.com.ar\/?p=3234"},"modified":"2024-08-26T09:01:02","modified_gmt":"2024-08-26T12:01:02","slug":"ciclo-bajista-en-el-precio-de-la-soja-como-y-cuando-podria-llegar-a-su-fin","status":"publish","type":"post","link":"https:\/\/masquenoticiastucuman.com.ar\/?p=3234","title":{"rendered":"Ciclo bajista en el precio de la soja: \u00bfc\u00f3mo y cu\u00e1ndo podr\u00eda llegar a su fin?"},"content":{"rendered":"<p>La ca\u00edda comenz\u00f3 en 2022 y parece imparable.Gran producci\u00f3n de Brasil, rindes r\u00e9cord en EE.UU. y sobreoferta de harina en China En Argentina prev\u00e9n una ca\u00edda del procesamiento por huelgas.<\/p>","protected":false},"excerpt":{"rendered":"<p>La ca\u00edda comenz\u00f3 en 2022 y parece imparable.Gran producci\u00f3n de Brasil, rindes r\u00e9cord en EE.UU&#8230;.<\/p>\n","protected":false},"author":0,"featured_media":0,"comment_status":"open","ping_status":"open","sticky":false,"template":"","format":"standard","meta":{"footnotes":""},"categories":[1],"tags":[],"class_list":["post-3234","post","type-post","status-publish","format-standard","hentry","category-uncategorized"],"_links":{"self":[{"href":"https:\/\/masquenoticiastucuman.com.ar\/index.php?rest_route=\/wp\/v2\/posts\/3234","targetHints":{"allow":["GET"]}}],"collection":[{"href":"https:\/\/masquenoticiastucuman.com.ar\/index.php?rest_route=\/wp\/v2\/posts"}],"about":[{"href":"https:\/\/masquenoticiastucuman.com.ar\/index.php?rest_route=\/wp\/v2\/types\/post"}],"replies":[{"embeddable":true,"href":"https:\/\/masquenoticiastucuman.com.ar\/index.php?rest_route=%2Fwp%2Fv2%2Fcomments&post=3234"}],"version-history":[{"count":0,"href":"https:\/\/masquenoticiastucuman.com.ar\/index.php?rest_route=\/wp\/v2\/posts\/3234\/revisions"}],"wp:attachment":[{"href":"https:\/\/masquenoticiastucuman.com.ar\/index.php?rest_route=%2Fwp%2Fv2%2Fmedia&parent=3234"}],"wp:term":[{"taxonomy":"category","embeddable":true,"href":"https:\/\/masquenoticiastucuman.com.ar\/index.php?rest_route=%2Fwp%2Fv2%2Fcategories&post=3234"},{"taxonomy":"post_tag","embeddable":true,"href":"https:\/\/masquenoticiastucuman.com.ar\/index.php?rest_route=%2Fwp%2Fv2%2Ftags&post=3234"}],"curies":[{"name":"wp","href":"https:\/\/api.w.org\/{rel}","templated":true}]}}