{"id":3240,"date":"2024-08-26T10:01:02","date_gmt":"2024-08-26T13:01:02","guid":{"rendered":"http:\/\/masquenoticiastucuman.com.ar\/?p=3240"},"modified":"2024-08-26T10:01:02","modified_gmt":"2024-08-26T13:01:02","slug":"las-ventas-globales-de-carne-dan-el-mayor-salto-en-20-anos-que-pasa-con-los-precios","status":"publish","type":"post","link":"https:\/\/masquenoticiastucuman.com.ar\/?p=3240","title":{"rendered":"Las ventas globales de carne dan el mayor salto en 20 a\u00f1os: \u00bfqu\u00e9 pasa con los precios?"},"content":{"rendered":"<p>El USDA prev\u00e9 un aumento de la comercializaci\u00f3n de 750 mil toneladas.Otras estimaciones hablan de 1 mill\u00f3n de toneladas, la mayor suba de la historia.<\/p>","protected":false},"excerpt":{"rendered":"<p>El USDA prev\u00e9 un aumento de la comercializaci\u00f3n de 750 mil toneladas.Otras estimaciones hablan de&#8230;<\/p>\n","protected":false},"author":0,"featured_media":0,"comment_status":"open","ping_status":"open","sticky":false,"template":"","format":"standard","meta":{"footnotes":""},"categories":[1],"tags":[],"class_list":["post-3240","post","type-post","status-publish","format-standard","hentry","category-uncategorized"],"_links":{"self":[{"href":"https:\/\/masquenoticiastucuman.com.ar\/index.php?rest_route=\/wp\/v2\/posts\/3240","targetHints":{"allow":["GET"]}}],"collection":[{"href":"https:\/\/masquenoticiastucuman.com.ar\/index.php?rest_route=\/wp\/v2\/posts"}],"about":[{"href":"https:\/\/masquenoticiastucuman.com.ar\/index.php?rest_route=\/wp\/v2\/types\/post"}],"replies":[{"embeddable":true,"href":"https:\/\/masquenoticiastucuman.com.ar\/index.php?rest_route=%2Fwp%2Fv2%2Fcomments&post=3240"}],"version-history":[{"count":0,"href":"https:\/\/masquenoticiastucuman.com.ar\/index.php?rest_route=\/wp\/v2\/posts\/3240\/revisions"}],"wp:attachment":[{"href":"https:\/\/masquenoticiastucuman.com.ar\/index.php?rest_route=%2Fwp%2Fv2%2Fmedia&parent=3240"}],"wp:term":[{"taxonomy":"category","embeddable":true,"href":"https:\/\/masquenoticiastucuman.com.ar\/index.php?rest_route=%2Fwp%2Fv2%2Fcategories&post=3240"},{"taxonomy":"post_tag","embeddable":true,"href":"https:\/\/masquenoticiastucuman.com.ar\/index.php?rest_route=%2Fwp%2Fv2%2Ftags&post=3240"}],"curies":[{"name":"wp","href":"https:\/\/api.w.org\/{rel}","templated":true}]}}