{"id":3242,"date":"2024-08-26T10:01:04","date_gmt":"2024-08-26T13:01:04","guid":{"rendered":"http:\/\/masquenoticiastucuman.com.ar\/?p=3242"},"modified":"2024-08-26T10:01:04","modified_gmt":"2024-08-26T13:01:04","slug":"sorpresa-en-la-seleccion-paulo-dybala-fue-convocado-por-lionel-scaloni-para-jugar-con-argentina-en-la-doble-fecha-de-eliminatorias","status":"publish","type":"post","link":"https:\/\/masquenoticiastucuman.com.ar\/?p=3242","title":{"rendered":"Sorpresa en la Selecci\u00f3n: Paulo Dybala fue convocado por Lionel Scaloni para jugar con Argentina en la doble fecha de Eliminatorias"},"content":{"rendered":"<p>Lo hizo oficial la AFA en la ma\u00f1ana de este lunes y estar\u00e1 contra Chile y Colombia.El cordob\u00e9s fue noticia en los \u00faltimos d\u00edas por haber rechazado una millonaria oferta del Al Qadsiah de Arabia Saudita.<\/p>","protected":false},"excerpt":{"rendered":"<p>Lo hizo oficial la AFA en la ma\u00f1ana de este lunes y estar\u00e1 contra Chile&#8230;<\/p>\n","protected":false},"author":0,"featured_media":0,"comment_status":"open","ping_status":"open","sticky":false,"template":"","format":"standard","meta":{"footnotes":""},"categories":[6],"tags":[],"class_list":["post-3242","post","type-post","status-publish","format-standard","hentry","category-deportes"],"_links":{"self":[{"href":"https:\/\/masquenoticiastucuman.com.ar\/index.php?rest_route=\/wp\/v2\/posts\/3242","targetHints":{"allow":["GET"]}}],"collection":[{"href":"https:\/\/masquenoticiastucuman.com.ar\/index.php?rest_route=\/wp\/v2\/posts"}],"about":[{"href":"https:\/\/masquenoticiastucuman.com.ar\/index.php?rest_route=\/wp\/v2\/types\/post"}],"replies":[{"embeddable":true,"href":"https:\/\/masquenoticiastucuman.com.ar\/index.php?rest_route=%2Fwp%2Fv2%2Fcomments&post=3242"}],"version-history":[{"count":0,"href":"https:\/\/masquenoticiastucuman.com.ar\/index.php?rest_route=\/wp\/v2\/posts\/3242\/revisions"}],"wp:attachment":[{"href":"https:\/\/masquenoticiastucuman.com.ar\/index.php?rest_route=%2Fwp%2Fv2%2Fmedia&parent=3242"}],"wp:term":[{"taxonomy":"category","embeddable":true,"href":"https:\/\/masquenoticiastucuman.com.ar\/index.php?rest_route=%2Fwp%2Fv2%2Fcategories&post=3242"},{"taxonomy":"post_tag","embeddable":true,"href":"https:\/\/masquenoticiastucuman.com.ar\/index.php?rest_route=%2Fwp%2Fv2%2Ftags&post=3242"}],"curies":[{"name":"wp","href":"https:\/\/api.w.org\/{rel}","templated":true}]}}