{"id":3256,"date":"2024-08-26T12:01:07","date_gmt":"2024-08-26T15:01:07","guid":{"rendered":"http:\/\/masquenoticiastucuman.com.ar\/?p=3256"},"modified":"2024-08-26T12:01:07","modified_gmt":"2024-08-26T15:01:07","slug":"james-rodriguez-al-final-se-puso-la-banda-roja-pero-en-espana-jugara-en-rayo-vallecano","status":"publish","type":"post","link":"https:\/\/masquenoticiastucuman.com.ar\/?p=3256","title":{"rendered":"James Rodr\u00edguez, al final, se puso la banda roja pero en Espa\u00f1a: jugar\u00e1 en Rayo Vallecano"},"content":{"rendered":"<p>&#8220;Siento una alegr\u00eda grande. Volver a La Liga es incre\u00edble&#8221;, sostuvo el hombre surgido en Banfield. Viene de un flojo paso por San Pablo y de una gran Copa Am\u00e9rica con Colombia.<\/p>","protected":false},"excerpt":{"rendered":"<p>&#8220;Siento una alegr\u00eda grande. Volver a La Liga es incre\u00edble&#8221;, sostuvo el hombre surgido en&#8230;<\/p>\n","protected":false},"author":0,"featured_media":0,"comment_status":"open","ping_status":"open","sticky":false,"template":"","format":"standard","meta":{"footnotes":""},"categories":[6],"tags":[],"class_list":["post-3256","post","type-post","status-publish","format-standard","hentry","category-deportes"],"_links":{"self":[{"href":"https:\/\/masquenoticiastucuman.com.ar\/index.php?rest_route=\/wp\/v2\/posts\/3256","targetHints":{"allow":["GET"]}}],"collection":[{"href":"https:\/\/masquenoticiastucuman.com.ar\/index.php?rest_route=\/wp\/v2\/posts"}],"about":[{"href":"https:\/\/masquenoticiastucuman.com.ar\/index.php?rest_route=\/wp\/v2\/types\/post"}],"replies":[{"embeddable":true,"href":"https:\/\/masquenoticiastucuman.com.ar\/index.php?rest_route=%2Fwp%2Fv2%2Fcomments&post=3256"}],"version-history":[{"count":0,"href":"https:\/\/masquenoticiastucuman.com.ar\/index.php?rest_route=\/wp\/v2\/posts\/3256\/revisions"}],"wp:attachment":[{"href":"https:\/\/masquenoticiastucuman.com.ar\/index.php?rest_route=%2Fwp%2Fv2%2Fmedia&parent=3256"}],"wp:term":[{"taxonomy":"category","embeddable":true,"href":"https:\/\/masquenoticiastucuman.com.ar\/index.php?rest_route=%2Fwp%2Fv2%2Fcategories&post=3256"},{"taxonomy":"post_tag","embeddable":true,"href":"https:\/\/masquenoticiastucuman.com.ar\/index.php?rest_route=%2Fwp%2Fv2%2Ftags&post=3256"}],"curies":[{"name":"wp","href":"https:\/\/api.w.org\/{rel}","templated":true}]}}