{"id":3258,"date":"2024-08-26T12:01:09","date_gmt":"2024-08-26T15:01:09","guid":{"rendered":"http:\/\/masquenoticiastucuman.com.ar\/?p=3258"},"modified":"2024-08-26T12:01:09","modified_gmt":"2024-08-26T15:01:09","slug":"felipe-bergoglio-el-sobrino-nieto-del-papa-francisco-que-juega-al-futbol-en-italia-el-pedido-de-sus-companeros","status":"publish","type":"post","link":"https:\/\/masquenoticiastucuman.com.ar\/?p=3258","title":{"rendered":"Felipe Bergoglio, el sobrino nieto del Papa Francisco que juega al f\u00fatbol en Italia: el pedido de sus compa\u00f1eros"},"content":{"rendered":"<p>Tiene 20 a\u00f1os y su apellido provoca interrogantes. Oriundo de C\u00f3rdoba, nunca vio al Santo Padre, quien lo espera en el Vaticano para verse.<\/p>","protected":false},"excerpt":{"rendered":"<p>Tiene 20 a\u00f1os y su apellido provoca interrogantes. Oriundo de C\u00f3rdoba, nunca vio al Santo&#8230;<\/p>\n","protected":false},"author":0,"featured_media":0,"comment_status":"open","ping_status":"open","sticky":false,"template":"","format":"standard","meta":{"footnotes":""},"categories":[4],"tags":[],"class_list":["post-3258","post","type-post","status-publish","format-standard","hentry","category-internacionales"],"_links":{"self":[{"href":"https:\/\/masquenoticiastucuman.com.ar\/index.php?rest_route=\/wp\/v2\/posts\/3258","targetHints":{"allow":["GET"]}}],"collection":[{"href":"https:\/\/masquenoticiastucuman.com.ar\/index.php?rest_route=\/wp\/v2\/posts"}],"about":[{"href":"https:\/\/masquenoticiastucuman.com.ar\/index.php?rest_route=\/wp\/v2\/types\/post"}],"replies":[{"embeddable":true,"href":"https:\/\/masquenoticiastucuman.com.ar\/index.php?rest_route=%2Fwp%2Fv2%2Fcomments&post=3258"}],"version-history":[{"count":0,"href":"https:\/\/masquenoticiastucuman.com.ar\/index.php?rest_route=\/wp\/v2\/posts\/3258\/revisions"}],"wp:attachment":[{"href":"https:\/\/masquenoticiastucuman.com.ar\/index.php?rest_route=%2Fwp%2Fv2%2Fmedia&parent=3258"}],"wp:term":[{"taxonomy":"category","embeddable":true,"href":"https:\/\/masquenoticiastucuman.com.ar\/index.php?rest_route=%2Fwp%2Fv2%2Fcategories&post=3258"},{"taxonomy":"post_tag","embeddable":true,"href":"https:\/\/masquenoticiastucuman.com.ar\/index.php?rest_route=%2Fwp%2Fv2%2Ftags&post=3258"}],"curies":[{"name":"wp","href":"https:\/\/api.w.org\/{rel}","templated":true}]}}