{"id":3262,"date":"2024-08-26T13:01:03","date_gmt":"2024-08-26T16:01:03","guid":{"rendered":"http:\/\/masquenoticiastucuman.com.ar\/?p=3262"},"modified":"2024-08-26T13:01:03","modified_gmt":"2024-08-26T16:01:03","slug":"la-fan-brasilena-de-los-beatles-que-dormia-en-la-puerta-de-abbey-road-y-fue-invitada-por-paul-mccartney-para-cantar-y-grabar-con-la-banda","status":"publish","type":"post","link":"https:\/\/masquenoticiastucuman.com.ar\/?p=3262","title":{"rendered":"La fan brasile\u00f1a de Los Beatles que dorm\u00eda en la puerta de Abbey Road y fue invitada por Paul McCartney para cantar y grabar con la banda"},"content":{"rendered":"<p>Lizzie Bravo hac\u00eda guardia en la puerta de los estudios donde grababa el grupo y el bajista sali\u00f3 a buscar voces femeninas para &#8220;Across the Universe&#8221;.Ella y una amiga entraron y tuvieron un d\u00eda inolvidable.<\/p>","protected":false},"excerpt":{"rendered":"<p>Lizzie Bravo hac\u00eda guardia en la puerta de los estudios donde grababa el grupo y&#8230;<\/p>\n","protected":false},"author":0,"featured_media":0,"comment_status":"open","ping_status":"open","sticky":false,"template":"","format":"standard","meta":{"footnotes":""},"categories":[5],"tags":[],"class_list":["post-3262","post","type-post","status-publish","format-standard","hentry","category-espectaculo"],"_links":{"self":[{"href":"https:\/\/masquenoticiastucuman.com.ar\/index.php?rest_route=\/wp\/v2\/posts\/3262","targetHints":{"allow":["GET"]}}],"collection":[{"href":"https:\/\/masquenoticiastucuman.com.ar\/index.php?rest_route=\/wp\/v2\/posts"}],"about":[{"href":"https:\/\/masquenoticiastucuman.com.ar\/index.php?rest_route=\/wp\/v2\/types\/post"}],"replies":[{"embeddable":true,"href":"https:\/\/masquenoticiastucuman.com.ar\/index.php?rest_route=%2Fwp%2Fv2%2Fcomments&post=3262"}],"version-history":[{"count":0,"href":"https:\/\/masquenoticiastucuman.com.ar\/index.php?rest_route=\/wp\/v2\/posts\/3262\/revisions"}],"wp:attachment":[{"href":"https:\/\/masquenoticiastucuman.com.ar\/index.php?rest_route=%2Fwp%2Fv2%2Fmedia&parent=3262"}],"wp:term":[{"taxonomy":"category","embeddable":true,"href":"https:\/\/masquenoticiastucuman.com.ar\/index.php?rest_route=%2Fwp%2Fv2%2Fcategories&post=3262"},{"taxonomy":"post_tag","embeddable":true,"href":"https:\/\/masquenoticiastucuman.com.ar\/index.php?rest_route=%2Fwp%2Fv2%2Ftags&post=3262"}],"curies":[{"name":"wp","href":"https:\/\/api.w.org\/{rel}","templated":true}]}}