{"id":3264,"date":"2024-08-26T13:01:05","date_gmt":"2024-08-26T16:01:05","guid":{"rendered":"http:\/\/masquenoticiastucuman.com.ar\/?p=3264"},"modified":"2024-08-26T13:01:05","modified_gmt":"2024-08-26T16:01:05","slug":"cristina-medina-y-una-confesion-con-aroma-a-despedida-de-boca-si-no-me-voy-ahora-no-me-voy-mas","status":"publish","type":"post","link":"https:\/\/masquenoticiastucuman.com.ar\/?p=3264","title":{"rendered":"Cristina Medina y una confesi\u00f3n con aroma a despedida de Boca: &#8220;Si no me voy ahora, no me voy m\u00e1s&#8221;"},"content":{"rendered":"<p>Se lo dijo a Miguel Merentiel en el entrenamiento del domingo. Y se viraliz\u00f3 a partir de un video que comparti\u00f3 el Canal de Boca.<\/p>","protected":false},"excerpt":{"rendered":"<p>Se lo dijo a Miguel Merentiel en el entrenamiento del domingo. Y se viraliz\u00f3 a&#8230;<\/p>\n","protected":false},"author":0,"featured_media":0,"comment_status":"open","ping_status":"open","sticky":false,"template":"","format":"standard","meta":{"footnotes":""},"categories":[6],"tags":[],"class_list":["post-3264","post","type-post","status-publish","format-standard","hentry","category-deportes"],"_links":{"self":[{"href":"https:\/\/masquenoticiastucuman.com.ar\/index.php?rest_route=\/wp\/v2\/posts\/3264","targetHints":{"allow":["GET"]}}],"collection":[{"href":"https:\/\/masquenoticiastucuman.com.ar\/index.php?rest_route=\/wp\/v2\/posts"}],"about":[{"href":"https:\/\/masquenoticiastucuman.com.ar\/index.php?rest_route=\/wp\/v2\/types\/post"}],"replies":[{"embeddable":true,"href":"https:\/\/masquenoticiastucuman.com.ar\/index.php?rest_route=%2Fwp%2Fv2%2Fcomments&post=3264"}],"version-history":[{"count":0,"href":"https:\/\/masquenoticiastucuman.com.ar\/index.php?rest_route=\/wp\/v2\/posts\/3264\/revisions"}],"wp:attachment":[{"href":"https:\/\/masquenoticiastucuman.com.ar\/index.php?rest_route=%2Fwp%2Fv2%2Fmedia&parent=3264"}],"wp:term":[{"taxonomy":"category","embeddable":true,"href":"https:\/\/masquenoticiastucuman.com.ar\/index.php?rest_route=%2Fwp%2Fv2%2Fcategories&post=3264"},{"taxonomy":"post_tag","embeddable":true,"href":"https:\/\/masquenoticiastucuman.com.ar\/index.php?rest_route=%2Fwp%2Fv2%2Ftags&post=3264"}],"curies":[{"name":"wp","href":"https:\/\/api.w.org\/{rel}","templated":true}]}}