{"id":3385,"date":"2024-08-27T14:01:04","date_gmt":"2024-08-27T17:01:04","guid":{"rendered":"http:\/\/masquenoticiastucuman.com.ar\/?p=3385"},"modified":"2024-08-27T14:01:04","modified_gmt":"2024-08-27T17:01:04","slug":"franco-colapinto-se-convertira-en-el-23-desde-fangio-hasta-mazzacane-todos-los-pilotos-argentinos-que-compitieron-en-la-formula-1","status":"publish","type":"post","link":"https:\/\/masquenoticiastucuman.com.ar\/?p=3385","title":{"rendered":"Franco Colapinto se convertir\u00e1 en el 23\u00b0: desde Fangio hasta Mazzacane, todos los pilotos argentinos que compitieron en la F\u00f3rmula 1"},"content":{"rendered":"<p>El qu\u00edntuple campe\u00f3n se estren\u00f3 en 1950, con el inicio de la categor\u00eda, mientras que Gast\u00f3n fue el \u00faltimo, en 2001.El pilarense ocupar\u00e1 la butaca Logan Sargeant hasta el final de la actual temporada.<\/p>","protected":false},"excerpt":{"rendered":"<p>El qu\u00edntuple campe\u00f3n se estren\u00f3 en 1950, con el inicio de la categor\u00eda, mientras que&#8230;<\/p>\n","protected":false},"author":0,"featured_media":0,"comment_status":"open","ping_status":"open","sticky":false,"template":"","format":"standard","meta":{"footnotes":""},"categories":[6],"tags":[],"class_list":["post-3385","post","type-post","status-publish","format-standard","hentry","category-deportes"],"_links":{"self":[{"href":"https:\/\/masquenoticiastucuman.com.ar\/index.php?rest_route=\/wp\/v2\/posts\/3385","targetHints":{"allow":["GET"]}}],"collection":[{"href":"https:\/\/masquenoticiastucuman.com.ar\/index.php?rest_route=\/wp\/v2\/posts"}],"about":[{"href":"https:\/\/masquenoticiastucuman.com.ar\/index.php?rest_route=\/wp\/v2\/types\/post"}],"replies":[{"embeddable":true,"href":"https:\/\/masquenoticiastucuman.com.ar\/index.php?rest_route=%2Fwp%2Fv2%2Fcomments&post=3385"}],"version-history":[{"count":0,"href":"https:\/\/masquenoticiastucuman.com.ar\/index.php?rest_route=\/wp\/v2\/posts\/3385\/revisions"}],"wp:attachment":[{"href":"https:\/\/masquenoticiastucuman.com.ar\/index.php?rest_route=%2Fwp%2Fv2%2Fmedia&parent=3385"}],"wp:term":[{"taxonomy":"category","embeddable":true,"href":"https:\/\/masquenoticiastucuman.com.ar\/index.php?rest_route=%2Fwp%2Fv2%2Fcategories&post=3385"},{"taxonomy":"post_tag","embeddable":true,"href":"https:\/\/masquenoticiastucuman.com.ar\/index.php?rest_route=%2Fwp%2Fv2%2Ftags&post=3385"}],"curies":[{"name":"wp","href":"https:\/\/api.w.org\/{rel}","templated":true}]}}