{"id":3389,"date":"2024-08-27T14:01:10","date_gmt":"2024-08-27T17:01:10","guid":{"rendered":"http:\/\/masquenoticiastucuman.com.ar\/?p=3389"},"modified":"2024-08-27T14:01:10","modified_gmt":"2024-08-27T17:01:10","slug":"baja-el-impuesto-pais-desde-el-lunes-el-gobierno-reduce-el-cargo-extra-que-pagan-las-importaciones","status":"publish","type":"post","link":"https:\/\/masquenoticiastucuman.com.ar\/?p=3389","title":{"rendered":"Baja el Impuesto PAIS: desde el lunes el Gobierno reduce el cargo extra que pagan las importaciones"},"content":{"rendered":"<p>La medida se conocer\u00e1 en las pr\u00f3ximas horas.Alcanzar\u00e1 a bienes y servicios importados.Podr\u00eda incluir a los gastos en turismo.<\/p>","protected":false},"excerpt":{"rendered":"<p>La medida se conocer\u00e1 en las pr\u00f3ximas horas.Alcanzar\u00e1 a bienes y servicios importados.Podr\u00eda incluir a&#8230;<\/p>\n","protected":false},"author":0,"featured_media":0,"comment_status":"open","ping_status":"open","sticky":false,"template":"","format":"standard","meta":{"footnotes":""},"categories":[3],"tags":[],"class_list":["post-3389","post","type-post","status-publish","format-standard","hentry","category-nacionales"],"_links":{"self":[{"href":"https:\/\/masquenoticiastucuman.com.ar\/index.php?rest_route=\/wp\/v2\/posts\/3389","targetHints":{"allow":["GET"]}}],"collection":[{"href":"https:\/\/masquenoticiastucuman.com.ar\/index.php?rest_route=\/wp\/v2\/posts"}],"about":[{"href":"https:\/\/masquenoticiastucuman.com.ar\/index.php?rest_route=\/wp\/v2\/types\/post"}],"replies":[{"embeddable":true,"href":"https:\/\/masquenoticiastucuman.com.ar\/index.php?rest_route=%2Fwp%2Fv2%2Fcomments&post=3389"}],"version-history":[{"count":0,"href":"https:\/\/masquenoticiastucuman.com.ar\/index.php?rest_route=\/wp\/v2\/posts\/3389\/revisions"}],"wp:attachment":[{"href":"https:\/\/masquenoticiastucuman.com.ar\/index.php?rest_route=%2Fwp%2Fv2%2Fmedia&parent=3389"}],"wp:term":[{"taxonomy":"category","embeddable":true,"href":"https:\/\/masquenoticiastucuman.com.ar\/index.php?rest_route=%2Fwp%2Fv2%2Fcategories&post=3389"},{"taxonomy":"post_tag","embeddable":true,"href":"https:\/\/masquenoticiastucuman.com.ar\/index.php?rest_route=%2Fwp%2Fv2%2Ftags&post=3389"}],"curies":[{"name":"wp","href":"https:\/\/api.w.org\/{rel}","templated":true}]}}