{"id":3395,"date":"2024-08-27T15:01:05","date_gmt":"2024-08-27T18:01:05","guid":{"rendered":"http:\/\/masquenoticiastucuman.com.ar\/?p=3395"},"modified":"2024-08-27T15:01:05","modified_gmt":"2024-08-27T18:01:05","slug":"moodys-advierte-sobre-el-dilema-que-enfrenta-el-gobierno-y-explica-por-que-el-riesgo-pais-no-baja","status":"publish","type":"post","link":"https:\/\/masquenoticiastucuman.com.ar\/?p=3395","title":{"rendered":"Moody\u00b4s advierte sobre el dilema que enfrenta el Gobierno y explica por qu\u00e9 el riesgo pa\u00eds no baja"},"content":{"rendered":"<p>El vicepresidente de la calificadora de riesgo asegur\u00f3 los mercados financieros temen que el pa\u00eds no pueda cumplir con sus obligaciones de deuda. La resistencia del Gobierno a enfrentar una nueva devaluaci\u00f3n genera preocupaci\u00f3n.<\/p>","protected":false},"excerpt":{"rendered":"<p>El vicepresidente de la calificadora de riesgo asegur\u00f3 los mercados financieros temen que el pa\u00eds&#8230;<\/p>\n","protected":false},"author":0,"featured_media":0,"comment_status":"open","ping_status":"open","sticky":false,"template":"","format":"standard","meta":{"footnotes":""},"categories":[3],"tags":[],"class_list":["post-3395","post","type-post","status-publish","format-standard","hentry","category-nacionales"],"_links":{"self":[{"href":"https:\/\/masquenoticiastucuman.com.ar\/index.php?rest_route=\/wp\/v2\/posts\/3395","targetHints":{"allow":["GET"]}}],"collection":[{"href":"https:\/\/masquenoticiastucuman.com.ar\/index.php?rest_route=\/wp\/v2\/posts"}],"about":[{"href":"https:\/\/masquenoticiastucuman.com.ar\/index.php?rest_route=\/wp\/v2\/types\/post"}],"replies":[{"embeddable":true,"href":"https:\/\/masquenoticiastucuman.com.ar\/index.php?rest_route=%2Fwp%2Fv2%2Fcomments&post=3395"}],"version-history":[{"count":0,"href":"https:\/\/masquenoticiastucuman.com.ar\/index.php?rest_route=\/wp\/v2\/posts\/3395\/revisions"}],"wp:attachment":[{"href":"https:\/\/masquenoticiastucuman.com.ar\/index.php?rest_route=%2Fwp%2Fv2%2Fmedia&parent=3395"}],"wp:term":[{"taxonomy":"category","embeddable":true,"href":"https:\/\/masquenoticiastucuman.com.ar\/index.php?rest_route=%2Fwp%2Fv2%2Fcategories&post=3395"},{"taxonomy":"post_tag","embeddable":true,"href":"https:\/\/masquenoticiastucuman.com.ar\/index.php?rest_route=%2Fwp%2Fv2%2Ftags&post=3395"}],"curies":[{"name":"wp","href":"https:\/\/api.w.org\/{rel}","templated":true}]}}