{"id":3403,"date":"2024-08-27T17:01:03","date_gmt":"2024-08-27T20:01:03","guid":{"rendered":"http:\/\/masquenoticiastucuman.com.ar\/?p=3403"},"modified":"2024-08-27T17:01:03","modified_gmt":"2024-08-27T20:01:03","slug":"franco-colapinto-a-la-formula-1-el-llanto-y-los-tres-dias-sin-comer-ni-dormir-de-maria-catarineu-la-manager-del-piloto-argentino","status":"publish","type":"post","link":"https:\/\/masquenoticiastucuman.com.ar\/?p=3403","title":{"rendered":"Franco Colapinto a la F\u00f3rmula 1: el llanto y &#8220;los tres d\u00edas sin comer ni dormir&#8221; de Mar\u00eda Catarineu, la m\u00e1nager del piloto argentino"},"content":{"rendered":"<p>Es la directora comercial de la empresa detr\u00e1s del joven que correr\u00e1 en Williams.Habl\u00f3 desde Espa\u00f1a y casi se quiebra ante el logro de todo su equipo.&#8221;Se cerr\u00f3 hace dos horas&#8221;, le cont\u00f3 a Carburando Radio.<\/p>","protected":false},"excerpt":{"rendered":"<p>Es la directora comercial de la empresa detr\u00e1s del joven que correr\u00e1 en Williams.Habl\u00f3 desde&#8230;<\/p>\n","protected":false},"author":0,"featured_media":0,"comment_status":"open","ping_status":"open","sticky":false,"template":"","format":"standard","meta":{"footnotes":""},"categories":[6],"tags":[],"class_list":["post-3403","post","type-post","status-publish","format-standard","hentry","category-deportes"],"_links":{"self":[{"href":"https:\/\/masquenoticiastucuman.com.ar\/index.php?rest_route=\/wp\/v2\/posts\/3403","targetHints":{"allow":["GET"]}}],"collection":[{"href":"https:\/\/masquenoticiastucuman.com.ar\/index.php?rest_route=\/wp\/v2\/posts"}],"about":[{"href":"https:\/\/masquenoticiastucuman.com.ar\/index.php?rest_route=\/wp\/v2\/types\/post"}],"replies":[{"embeddable":true,"href":"https:\/\/masquenoticiastucuman.com.ar\/index.php?rest_route=%2Fwp%2Fv2%2Fcomments&post=3403"}],"version-history":[{"count":0,"href":"https:\/\/masquenoticiastucuman.com.ar\/index.php?rest_route=\/wp\/v2\/posts\/3403\/revisions"}],"wp:attachment":[{"href":"https:\/\/masquenoticiastucuman.com.ar\/index.php?rest_route=%2Fwp%2Fv2%2Fmedia&parent=3403"}],"wp:term":[{"taxonomy":"category","embeddable":true,"href":"https:\/\/masquenoticiastucuman.com.ar\/index.php?rest_route=%2Fwp%2Fv2%2Fcategories&post=3403"},{"taxonomy":"post_tag","embeddable":true,"href":"https:\/\/masquenoticiastucuman.com.ar\/index.php?rest_route=%2Fwp%2Fv2%2Ftags&post=3403"}],"curies":[{"name":"wp","href":"https:\/\/api.w.org\/{rel}","templated":true}]}}