{"id":3417,"date":"2024-08-27T19:01:04","date_gmt":"2024-08-27T22:01:04","guid":{"rendered":"http:\/\/masquenoticiastucuman.com.ar\/?p=3417"},"modified":"2024-08-27T19:01:04","modified_gmt":"2024-08-27T22:01:04","slug":"telegram-el-arma-de-guerra-de-rusia-que-gana-fuerza-y-causa-mas-tension","status":"publish","type":"post","link":"https:\/\/masquenoticiastucuman.com.ar\/?p=3417","title":{"rendered":"Telegram, el &#8220;arma de guerra&#8221; de Rusia que gana fuerza y causa m\u00e1s tensi\u00f3n"},"content":{"rendered":"<p>Es la app de mensajer\u00eda m\u00e1s popular para los defensores de la ofensiva rusa.La detenci\u00f3n en Francia de su fundador, Pavel Durov, agudiza el enfrentamiento entre Mosc\u00fa y Occidente.<\/p>","protected":false},"excerpt":{"rendered":"<p>Es la app de mensajer\u00eda m\u00e1s popular para los defensores de la ofensiva rusa.La detenci\u00f3n&#8230;<\/p>\n","protected":false},"author":0,"featured_media":0,"comment_status":"open","ping_status":"open","sticky":false,"template":"","format":"standard","meta":{"footnotes":""},"categories":[4],"tags":[],"class_list":["post-3417","post","type-post","status-publish","format-standard","hentry","category-internacionales"],"_links":{"self":[{"href":"https:\/\/masquenoticiastucuman.com.ar\/index.php?rest_route=\/wp\/v2\/posts\/3417","targetHints":{"allow":["GET"]}}],"collection":[{"href":"https:\/\/masquenoticiastucuman.com.ar\/index.php?rest_route=\/wp\/v2\/posts"}],"about":[{"href":"https:\/\/masquenoticiastucuman.com.ar\/index.php?rest_route=\/wp\/v2\/types\/post"}],"replies":[{"embeddable":true,"href":"https:\/\/masquenoticiastucuman.com.ar\/index.php?rest_route=%2Fwp%2Fv2%2Fcomments&post=3417"}],"version-history":[{"count":0,"href":"https:\/\/masquenoticiastucuman.com.ar\/index.php?rest_route=\/wp\/v2\/posts\/3417\/revisions"}],"wp:attachment":[{"href":"https:\/\/masquenoticiastucuman.com.ar\/index.php?rest_route=%2Fwp%2Fv2%2Fmedia&parent=3417"}],"wp:term":[{"taxonomy":"category","embeddable":true,"href":"https:\/\/masquenoticiastucuman.com.ar\/index.php?rest_route=%2Fwp%2Fv2%2Fcategories&post=3417"},{"taxonomy":"post_tag","embeddable":true,"href":"https:\/\/masquenoticiastucuman.com.ar\/index.php?rest_route=%2Fwp%2Fv2%2Ftags&post=3417"}],"curies":[{"name":"wp","href":"https:\/\/api.w.org\/{rel}","templated":true}]}}