{"id":3419,"date":"2024-08-27T19:01:05","date_gmt":"2024-08-27T22:01:05","guid":{"rendered":"http:\/\/masquenoticiastucuman.com.ar\/?p=3419"},"modified":"2024-08-27T19:01:05","modified_gmt":"2024-08-27T22:01:05","slug":"american-airlines-ya-vende-pasajes-entre-ee-uu-y-mendoza-a-traves-de-santiago-de-chile","status":"publish","type":"post","link":"https:\/\/masquenoticiastucuman.com.ar\/?p=3419","title":{"rendered":"American Airlines ya vende pasajes entre EE.UU. y Mendoza a trav\u00e9s de Santiago de Chile"},"content":{"rendered":"<p>Lo hace con vuelos de c\u00f3digo compartido con JetSmart, de la cual es accionista. Duran tres horas menos que la ruta m\u00e1s corta a trav\u00e9s de Buenos Aires. <\/p>","protected":false},"excerpt":{"rendered":"<p>Lo hace con vuelos de c\u00f3digo compartido con JetSmart, de la cual es accionista. Duran&#8230;<\/p>\n","protected":false},"author":0,"featured_media":0,"comment_status":"open","ping_status":"open","sticky":false,"template":"","format":"standard","meta":{"footnotes":""},"categories":[3],"tags":[],"class_list":["post-3419","post","type-post","status-publish","format-standard","hentry","category-nacionales"],"_links":{"self":[{"href":"https:\/\/masquenoticiastucuman.com.ar\/index.php?rest_route=\/wp\/v2\/posts\/3419","targetHints":{"allow":["GET"]}}],"collection":[{"href":"https:\/\/masquenoticiastucuman.com.ar\/index.php?rest_route=\/wp\/v2\/posts"}],"about":[{"href":"https:\/\/masquenoticiastucuman.com.ar\/index.php?rest_route=\/wp\/v2\/types\/post"}],"replies":[{"embeddable":true,"href":"https:\/\/masquenoticiastucuman.com.ar\/index.php?rest_route=%2Fwp%2Fv2%2Fcomments&post=3419"}],"version-history":[{"count":0,"href":"https:\/\/masquenoticiastucuman.com.ar\/index.php?rest_route=\/wp\/v2\/posts\/3419\/revisions"}],"wp:attachment":[{"href":"https:\/\/masquenoticiastucuman.com.ar\/index.php?rest_route=%2Fwp%2Fv2%2Fmedia&parent=3419"}],"wp:term":[{"taxonomy":"category","embeddable":true,"href":"https:\/\/masquenoticiastucuman.com.ar\/index.php?rest_route=%2Fwp%2Fv2%2Fcategories&post=3419"},{"taxonomy":"post_tag","embeddable":true,"href":"https:\/\/masquenoticiastucuman.com.ar\/index.php?rest_route=%2Fwp%2Fv2%2Ftags&post=3419"}],"curies":[{"name":"wp","href":"https:\/\/api.w.org\/{rel}","templated":true}]}}