{"id":3464,"date":"2024-08-28T08:01:04","date_gmt":"2024-08-28T11:01:04","guid":{"rendered":"http:\/\/masquenoticiastucuman.com.ar\/?p=3464"},"modified":"2024-08-28T08:01:04","modified_gmt":"2024-08-28T11:01:04","slug":"fran-cerundolo-vs-tomas-etcheverry-en-el-us-open-2024-vidas-cruzadas-por-el-tenis-y-una-amistad-que-quedara-fuera-del-court","status":"publish","type":"post","link":"https:\/\/masquenoticiastucuman.com.ar\/?p=3464","title":{"rendered":"Fran Cer\u00fandolo vs. Tom\u00e1s Etcheverry, en el US Open 2024: vidas cruzadas por el tenis y una amistad que quedar\u00e1 fuera del court"},"content":{"rendered":"<p>Dos de los seis argentinos que siguen en carrera en el \u00faltimo Grand Slam de la temporada se enfrentan este mi\u00e9rcoles.\u00bfQu\u00e9 dijeron sobre el cruce de los dos mejores tenistas albicelestes del momento?<\/p>","protected":false},"excerpt":{"rendered":"<p>Dos de los seis argentinos que siguen en carrera en el \u00faltimo Grand Slam de&#8230;<\/p>\n","protected":false},"author":0,"featured_media":0,"comment_status":"open","ping_status":"open","sticky":false,"template":"","format":"standard","meta":{"footnotes":""},"categories":[6],"tags":[],"class_list":["post-3464","post","type-post","status-publish","format-standard","hentry","category-deportes"],"_links":{"self":[{"href":"https:\/\/masquenoticiastucuman.com.ar\/index.php?rest_route=\/wp\/v2\/posts\/3464","targetHints":{"allow":["GET"]}}],"collection":[{"href":"https:\/\/masquenoticiastucuman.com.ar\/index.php?rest_route=\/wp\/v2\/posts"}],"about":[{"href":"https:\/\/masquenoticiastucuman.com.ar\/index.php?rest_route=\/wp\/v2\/types\/post"}],"replies":[{"embeddable":true,"href":"https:\/\/masquenoticiastucuman.com.ar\/index.php?rest_route=%2Fwp%2Fv2%2Fcomments&post=3464"}],"version-history":[{"count":0,"href":"https:\/\/masquenoticiastucuman.com.ar\/index.php?rest_route=\/wp\/v2\/posts\/3464\/revisions"}],"wp:attachment":[{"href":"https:\/\/masquenoticiastucuman.com.ar\/index.php?rest_route=%2Fwp%2Fv2%2Fmedia&parent=3464"}],"wp:term":[{"taxonomy":"category","embeddable":true,"href":"https:\/\/masquenoticiastucuman.com.ar\/index.php?rest_route=%2Fwp%2Fv2%2Fcategories&post=3464"},{"taxonomy":"post_tag","embeddable":true,"href":"https:\/\/masquenoticiastucuman.com.ar\/index.php?rest_route=%2Fwp%2Fv2%2Ftags&post=3464"}],"curies":[{"name":"wp","href":"https:\/\/api.w.org\/{rel}","templated":true}]}}