{"id":3468,"date":"2024-08-28T09:01:18","date_gmt":"2024-08-28T12:01:18","guid":{"rendered":"http:\/\/masquenoticiastucuman.com.ar\/?p=3468"},"modified":"2024-08-28T09:01:18","modified_gmt":"2024-08-28T12:01:18","slug":"murio-juan-izquierdo-la-desgarradora-carta-de-su-esposa-selena-quien-hace-dos-semanas-dio-a-luz-a-su-segundo-hijo","status":"publish","type":"post","link":"https:\/\/masquenoticiastucuman.com.ar\/?p=3468","title":{"rendered":"Muri\u00f3 Juan Izquierdo: la desgarradora carta de su esposa Selena, quien hace dos semanas dio a luz a su segundo hijo"},"content":{"rendered":"<p>Se expres\u00f3 a trav\u00e9s de las redes sociales.&#8221;Hoy una parte de m\u00ed muere con vos&#8221;, escribi\u00f3.Tambi\u00e9n comparti\u00f3 im\u00e1gnes de un tatuaje juntos.<\/p>","protected":false},"excerpt":{"rendered":"<p>Se expres\u00f3 a trav\u00e9s de las redes sociales.&#8221;Hoy una parte de m\u00ed muere con vos&#8221;,&#8230;<\/p>\n","protected":false},"author":0,"featured_media":0,"comment_status":"open","ping_status":"open","sticky":false,"template":"","format":"standard","meta":{"footnotes":""},"categories":[6],"tags":[],"class_list":["post-3468","post","type-post","status-publish","format-standard","hentry","category-deportes"],"_links":{"self":[{"href":"https:\/\/masquenoticiastucuman.com.ar\/index.php?rest_route=\/wp\/v2\/posts\/3468","targetHints":{"allow":["GET"]}}],"collection":[{"href":"https:\/\/masquenoticiastucuman.com.ar\/index.php?rest_route=\/wp\/v2\/posts"}],"about":[{"href":"https:\/\/masquenoticiastucuman.com.ar\/index.php?rest_route=\/wp\/v2\/types\/post"}],"replies":[{"embeddable":true,"href":"https:\/\/masquenoticiastucuman.com.ar\/index.php?rest_route=%2Fwp%2Fv2%2Fcomments&post=3468"}],"version-history":[{"count":0,"href":"https:\/\/masquenoticiastucuman.com.ar\/index.php?rest_route=\/wp\/v2\/posts\/3468\/revisions"}],"wp:attachment":[{"href":"https:\/\/masquenoticiastucuman.com.ar\/index.php?rest_route=%2Fwp%2Fv2%2Fmedia&parent=3468"}],"wp:term":[{"taxonomy":"category","embeddable":true,"href":"https:\/\/masquenoticiastucuman.com.ar\/index.php?rest_route=%2Fwp%2Fv2%2Fcategories&post=3468"},{"taxonomy":"post_tag","embeddable":true,"href":"https:\/\/masquenoticiastucuman.com.ar\/index.php?rest_route=%2Fwp%2Fv2%2Ftags&post=3468"}],"curies":[{"name":"wp","href":"https:\/\/api.w.org\/{rel}","templated":true}]}}