{"id":3470,"date":"2024-08-28T09:01:34","date_gmt":"2024-08-28T12:01:34","guid":{"rendered":"http:\/\/masquenoticiastucuman.com.ar\/?p=3470"},"modified":"2024-08-28T09:01:34","modified_gmt":"2024-08-28T12:01:34","slug":"israel-lanza-ahora-una-operacion-antiterrorista-en-cisjordania-nueve-muertos","status":"publish","type":"post","link":"https:\/\/masquenoticiastucuman.com.ar\/?p=3470","title":{"rendered":"Israel lanza ahora una &#8220;operaci\u00f3n antiterrorista&#8221; en Cisjordania: nueve muertos"},"content":{"rendered":"<p>El operativo comenz\u00f3 durante la noche, en al menos cuatro ciudades del territorio ocupado.El ej\u00e9rcito israel\u00ed dijo que se busca desmantelar &#8220;infraestructuras terroristas iran\u00edes-isl\u00e1micas&#8221;.<\/p>","protected":false},"excerpt":{"rendered":"<p>El operativo comenz\u00f3 durante la noche, en al menos cuatro ciudades del territorio ocupado.El ej\u00e9rcito&#8230;<\/p>\n","protected":false},"author":0,"featured_media":0,"comment_status":"open","ping_status":"open","sticky":false,"template":"","format":"standard","meta":{"footnotes":""},"categories":[4],"tags":[],"class_list":["post-3470","post","type-post","status-publish","format-standard","hentry","category-internacionales"],"_links":{"self":[{"href":"https:\/\/masquenoticiastucuman.com.ar\/index.php?rest_route=\/wp\/v2\/posts\/3470","targetHints":{"allow":["GET"]}}],"collection":[{"href":"https:\/\/masquenoticiastucuman.com.ar\/index.php?rest_route=\/wp\/v2\/posts"}],"about":[{"href":"https:\/\/masquenoticiastucuman.com.ar\/index.php?rest_route=\/wp\/v2\/types\/post"}],"replies":[{"embeddable":true,"href":"https:\/\/masquenoticiastucuman.com.ar\/index.php?rest_route=%2Fwp%2Fv2%2Fcomments&post=3470"}],"version-history":[{"count":0,"href":"https:\/\/masquenoticiastucuman.com.ar\/index.php?rest_route=\/wp\/v2\/posts\/3470\/revisions"}],"wp:attachment":[{"href":"https:\/\/masquenoticiastucuman.com.ar\/index.php?rest_route=%2Fwp%2Fv2%2Fmedia&parent=3470"}],"wp:term":[{"taxonomy":"category","embeddable":true,"href":"https:\/\/masquenoticiastucuman.com.ar\/index.php?rest_route=%2Fwp%2Fv2%2Fcategories&post=3470"},{"taxonomy":"post_tag","embeddable":true,"href":"https:\/\/masquenoticiastucuman.com.ar\/index.php?rest_route=%2Fwp%2Fv2%2Ftags&post=3470"}],"curies":[{"name":"wp","href":"https:\/\/api.w.org\/{rel}","templated":true}]}}