{"id":3476,"date":"2024-08-28T10:01:04","date_gmt":"2024-08-28T13:01:04","guid":{"rendered":"http:\/\/masquenoticiastucuman.com.ar\/?p=3476"},"modified":"2024-08-28T10:01:04","modified_gmt":"2024-08-28T13:01:04","slug":"sorpresa-en-el-futbol-argentino-tras-coquetear-con-river-el-ex-capitan-del-bilbao-iker-muniain-llego-al-pais-para-sumarse-a-otro-grande-de-la-argentina","status":"publish","type":"post","link":"https:\/\/masquenoticiastucuman.com.ar\/?p=3476","title":{"rendered":"Sorpresa en el f\u00fatbol argentino: tras coquetear con River, el ex capit\u00e1n del Bilbao, Iker Muniain, lleg\u00f3 al pa\u00eds para sumarse a otro grande de la Argentina"},"content":{"rendered":"<p>El mediocampista espa\u00f1ol aterriz\u00f3 en Ezeiza este mi\u00e9rcoles por la ma\u00f1ana.Se pondr\u00e1 la camiseta de un importante equipo de Argentina.<\/p>","protected":false},"excerpt":{"rendered":"<p>El mediocampista espa\u00f1ol aterriz\u00f3 en Ezeiza este mi\u00e9rcoles por la ma\u00f1ana.Se pondr\u00e1 la camiseta de&#8230;<\/p>\n","protected":false},"author":0,"featured_media":0,"comment_status":"open","ping_status":"open","sticky":false,"template":"","format":"standard","meta":{"footnotes":""},"categories":[6],"tags":[],"class_list":["post-3476","post","type-post","status-publish","format-standard","hentry","category-deportes"],"_links":{"self":[{"href":"https:\/\/masquenoticiastucuman.com.ar\/index.php?rest_route=\/wp\/v2\/posts\/3476","targetHints":{"allow":["GET"]}}],"collection":[{"href":"https:\/\/masquenoticiastucuman.com.ar\/index.php?rest_route=\/wp\/v2\/posts"}],"about":[{"href":"https:\/\/masquenoticiastucuman.com.ar\/index.php?rest_route=\/wp\/v2\/types\/post"}],"replies":[{"embeddable":true,"href":"https:\/\/masquenoticiastucuman.com.ar\/index.php?rest_route=%2Fwp%2Fv2%2Fcomments&post=3476"}],"version-history":[{"count":0,"href":"https:\/\/masquenoticiastucuman.com.ar\/index.php?rest_route=\/wp\/v2\/posts\/3476\/revisions"}],"wp:attachment":[{"href":"https:\/\/masquenoticiastucuman.com.ar\/index.php?rest_route=%2Fwp%2Fv2%2Fmedia&parent=3476"}],"wp:term":[{"taxonomy":"category","embeddable":true,"href":"https:\/\/masquenoticiastucuman.com.ar\/index.php?rest_route=%2Fwp%2Fv2%2Fcategories&post=3476"},{"taxonomy":"post_tag","embeddable":true,"href":"https:\/\/masquenoticiastucuman.com.ar\/index.php?rest_route=%2Fwp%2Fv2%2Ftags&post=3476"}],"curies":[{"name":"wp","href":"https:\/\/api.w.org\/{rel}","templated":true}]}}