{"id":3480,"date":"2024-08-28T11:01:03","date_gmt":"2024-08-28T14:01:03","guid":{"rendered":"http:\/\/masquenoticiastucuman.com.ar\/?p=3480"},"modified":"2024-08-28T11:01:03","modified_gmt":"2024-08-28T14:01:03","slug":"la-muerte-de-juan-izquierdo-un-jugador-de-river-que-compartio-plantel-con-el-uruguayo-le-dedico-un-emotivo-mensaje","status":"publish","type":"post","link":"https:\/\/masquenoticiastucuman.com.ar\/?p=3480","title":{"rendered":"La muerte de Juan Izquierdo: un jugador de River que comparti\u00f3 plantel con el uruguayo le dedic\u00f3 un emotivo mensaje"},"content":{"rendered":"<p>Un integrante del plantel de Gallardo hab\u00eda sido compa\u00f1ero del defensor que falleci\u00f3 este martes a la noche. <\/p>","protected":false},"excerpt":{"rendered":"<p>Un integrante del plantel de Gallardo hab\u00eda sido compa\u00f1ero del defensor que falleci\u00f3 este martes&#8230;<\/p>\n","protected":false},"author":0,"featured_media":0,"comment_status":"open","ping_status":"open","sticky":false,"template":"","format":"standard","meta":{"footnotes":""},"categories":[6],"tags":[],"class_list":["post-3480","post","type-post","status-publish","format-standard","hentry","category-deportes"],"_links":{"self":[{"href":"https:\/\/masquenoticiastucuman.com.ar\/index.php?rest_route=\/wp\/v2\/posts\/3480","targetHints":{"allow":["GET"]}}],"collection":[{"href":"https:\/\/masquenoticiastucuman.com.ar\/index.php?rest_route=\/wp\/v2\/posts"}],"about":[{"href":"https:\/\/masquenoticiastucuman.com.ar\/index.php?rest_route=\/wp\/v2\/types\/post"}],"replies":[{"embeddable":true,"href":"https:\/\/masquenoticiastucuman.com.ar\/index.php?rest_route=%2Fwp%2Fv2%2Fcomments&post=3480"}],"version-history":[{"count":0,"href":"https:\/\/masquenoticiastucuman.com.ar\/index.php?rest_route=\/wp\/v2\/posts\/3480\/revisions"}],"wp:attachment":[{"href":"https:\/\/masquenoticiastucuman.com.ar\/index.php?rest_route=%2Fwp%2Fv2%2Fmedia&parent=3480"}],"wp:term":[{"taxonomy":"category","embeddable":true,"href":"https:\/\/masquenoticiastucuman.com.ar\/index.php?rest_route=%2Fwp%2Fv2%2Fcategories&post=3480"},{"taxonomy":"post_tag","embeddable":true,"href":"https:\/\/masquenoticiastucuman.com.ar\/index.php?rest_route=%2Fwp%2Fv2%2Ftags&post=3480"}],"curies":[{"name":"wp","href":"https:\/\/api.w.org\/{rel}","templated":true}]}}