{"id":3482,"date":"2024-08-28T11:01:07","date_gmt":"2024-08-28T14:01:07","guid":{"rendered":"http:\/\/masquenoticiastucuman.com.ar\/?p=3482"},"modified":"2024-08-28T11:01:07","modified_gmt":"2024-08-28T14:01:07","slug":"no-califiques-la-detencion-del-ceo-de-telegram-como-una-violacion-de-la-libertad-de-expresion-todavia","status":"publish","type":"post","link":"https:\/\/masquenoticiastucuman.com.ar\/?p=3482","title":{"rendered":"No califiques la detenci\u00f3n del CEO de Telegram como una violaci\u00f3n de la libertad de expresi\u00f3n&#8230; todav\u00eda"},"content":{"rendered":"<p>Algunos detalles preliminares sugieren que no se trata de una cuesti\u00f3n de libertad de expresi\u00f3n, sino de una actividad delictiva.<\/p>","protected":false},"excerpt":{"rendered":"<p>Algunos detalles preliminares sugieren que no se trata de una cuesti\u00f3n de libertad de expresi\u00f3n,&#8230;<\/p>\n","protected":false},"author":0,"featured_media":0,"comment_status":"open","ping_status":"open","sticky":false,"template":"","format":"standard","meta":{"footnotes":""},"categories":[4],"tags":[],"class_list":["post-3482","post","type-post","status-publish","format-standard","hentry","category-internacionales"],"_links":{"self":[{"href":"https:\/\/masquenoticiastucuman.com.ar\/index.php?rest_route=\/wp\/v2\/posts\/3482","targetHints":{"allow":["GET"]}}],"collection":[{"href":"https:\/\/masquenoticiastucuman.com.ar\/index.php?rest_route=\/wp\/v2\/posts"}],"about":[{"href":"https:\/\/masquenoticiastucuman.com.ar\/index.php?rest_route=\/wp\/v2\/types\/post"}],"replies":[{"embeddable":true,"href":"https:\/\/masquenoticiastucuman.com.ar\/index.php?rest_route=%2Fwp%2Fv2%2Fcomments&post=3482"}],"version-history":[{"count":0,"href":"https:\/\/masquenoticiastucuman.com.ar\/index.php?rest_route=\/wp\/v2\/posts\/3482\/revisions"}],"wp:attachment":[{"href":"https:\/\/masquenoticiastucuman.com.ar\/index.php?rest_route=%2Fwp%2Fv2%2Fmedia&parent=3482"}],"wp:term":[{"taxonomy":"category","embeddable":true,"href":"https:\/\/masquenoticiastucuman.com.ar\/index.php?rest_route=%2Fwp%2Fv2%2Fcategories&post=3482"},{"taxonomy":"post_tag","embeddable":true,"href":"https:\/\/masquenoticiastucuman.com.ar\/index.php?rest_route=%2Fwp%2Fv2%2Ftags&post=3482"}],"curies":[{"name":"wp","href":"https:\/\/api.w.org\/{rel}","templated":true}]}}