{"id":3484,"date":"2024-08-28T11:01:10","date_gmt":"2024-08-28T14:01:10","guid":{"rendered":"http:\/\/masquenoticiastucuman.com.ar\/?p=3484"},"modified":"2024-08-28T11:01:10","modified_gmt":"2024-08-28T14:01:10","slug":"luis-caputo-aseguro-que-la-reduccion-del-impuesto-pais-va-a-implicar-una-baja-de-precios-en-septiembre","status":"publish","type":"post","link":"https:\/\/masquenoticiastucuman.com.ar\/?p=3484","title":{"rendered":"Luis Caputo asegur\u00f3 que la reducci\u00f3n del impuesto PAIS va a implicar una baja de precios en septiembre"},"content":{"rendered":"<p>El ministro de Econom\u00eda dijo que se lo confirmaron desde varias c\u00e1maras con las que mantuvo reuniones en las \u00faltimas horas.Pronostic\u00f3 una inflaci\u00f3n de agosto cercana al 4% del mes pasado y afirm\u00f3 que en septiembre seguir\u00e1 descendiendo.<\/p>","protected":false},"excerpt":{"rendered":"<p>El ministro de Econom\u00eda dijo que se lo confirmaron desde varias c\u00e1maras con las que&#8230;<\/p>\n","protected":false},"author":0,"featured_media":0,"comment_status":"open","ping_status":"open","sticky":false,"template":"","format":"standard","meta":{"footnotes":""},"categories":[3],"tags":[],"class_list":["post-3484","post","type-post","status-publish","format-standard","hentry","category-nacionales"],"_links":{"self":[{"href":"https:\/\/masquenoticiastucuman.com.ar\/index.php?rest_route=\/wp\/v2\/posts\/3484","targetHints":{"allow":["GET"]}}],"collection":[{"href":"https:\/\/masquenoticiastucuman.com.ar\/index.php?rest_route=\/wp\/v2\/posts"}],"about":[{"href":"https:\/\/masquenoticiastucuman.com.ar\/index.php?rest_route=\/wp\/v2\/types\/post"}],"replies":[{"embeddable":true,"href":"https:\/\/masquenoticiastucuman.com.ar\/index.php?rest_route=%2Fwp%2Fv2%2Fcomments&post=3484"}],"version-history":[{"count":0,"href":"https:\/\/masquenoticiastucuman.com.ar\/index.php?rest_route=\/wp\/v2\/posts\/3484\/revisions"}],"wp:attachment":[{"href":"https:\/\/masquenoticiastucuman.com.ar\/index.php?rest_route=%2Fwp%2Fv2%2Fmedia&parent=3484"}],"wp:term":[{"taxonomy":"category","embeddable":true,"href":"https:\/\/masquenoticiastucuman.com.ar\/index.php?rest_route=%2Fwp%2Fv2%2Fcategories&post=3484"},{"taxonomy":"post_tag","embeddable":true,"href":"https:\/\/masquenoticiastucuman.com.ar\/index.php?rest_route=%2Fwp%2Fv2%2Ftags&post=3484"}],"curies":[{"name":"wp","href":"https:\/\/api.w.org\/{rel}","templated":true}]}}