{"id":3486,"date":"2024-08-28T12:01:03","date_gmt":"2024-08-28T15:01:03","guid":{"rendered":"http:\/\/masquenoticiastucuman.com.ar\/?p=3486"},"modified":"2024-08-28T12:01:03","modified_gmt":"2024-08-28T15:01:03","slug":"vuelve-oasis-a-la-argentina-la-banda-de-noel-y-liam-gallagher-confirmo-donde-tocara-en-2025","status":"publish","type":"post","link":"https:\/\/masquenoticiastucuman.com.ar\/?p=3486","title":{"rendered":"\u00bfVuelve Oasis a la Argentina? La banda de Noel y Liam Gallagher confirm\u00f3 d\u00f3nde tocar\u00e1 en 2025"},"content":{"rendered":"<p>Este s\u00e1bado 31 de agosto se ponen en venta las entradas de los shows europeos.El comunicado oficial deja abierta la posibilidad de otros continentes.<\/p>","protected":false},"excerpt":{"rendered":"<p>Este s\u00e1bado 31 de agosto se ponen en venta las entradas de los shows europeos.El&#8230;<\/p>\n","protected":false},"author":0,"featured_media":0,"comment_status":"open","ping_status":"open","sticky":false,"template":"","format":"standard","meta":{"footnotes":""},"categories":[5],"tags":[],"class_list":["post-3486","post","type-post","status-publish","format-standard","hentry","category-espectaculo"],"_links":{"self":[{"href":"https:\/\/masquenoticiastucuman.com.ar\/index.php?rest_route=\/wp\/v2\/posts\/3486","targetHints":{"allow":["GET"]}}],"collection":[{"href":"https:\/\/masquenoticiastucuman.com.ar\/index.php?rest_route=\/wp\/v2\/posts"}],"about":[{"href":"https:\/\/masquenoticiastucuman.com.ar\/index.php?rest_route=\/wp\/v2\/types\/post"}],"replies":[{"embeddable":true,"href":"https:\/\/masquenoticiastucuman.com.ar\/index.php?rest_route=%2Fwp%2Fv2%2Fcomments&post=3486"}],"version-history":[{"count":0,"href":"https:\/\/masquenoticiastucuman.com.ar\/index.php?rest_route=\/wp\/v2\/posts\/3486\/revisions"}],"wp:attachment":[{"href":"https:\/\/masquenoticiastucuman.com.ar\/index.php?rest_route=%2Fwp%2Fv2%2Fmedia&parent=3486"}],"wp:term":[{"taxonomy":"category","embeddable":true,"href":"https:\/\/masquenoticiastucuman.com.ar\/index.php?rest_route=%2Fwp%2Fv2%2Fcategories&post=3486"},{"taxonomy":"post_tag","embeddable":true,"href":"https:\/\/masquenoticiastucuman.com.ar\/index.php?rest_route=%2Fwp%2Fv2%2Ftags&post=3486"}],"curies":[{"name":"wp","href":"https:\/\/api.w.org\/{rel}","templated":true}]}}